{"id":56441,"date":"2023-02-11T10:02:00","date_gmt":"2023-02-11T16:02:00","guid":{"rendered":"http:\/\/bambapolitica.com.mx\/?p=56441"},"modified":"2023-02-10T10:04:53","modified_gmt":"2023-02-10T16:04:53","slug":"crecimiento-en-encuestas-por-trabajo-en-precampana-alejandra-del-moral","status":"publish","type":"post","link":"https:\/\/bambapolitica.com.mx\/index.php\/2023\/02\/11\/crecimiento-en-encuestas-por-trabajo-en-precampana-alejandra-del-moral\/","title":{"rendered":"Crecimiento en Encuestas, por Trabajo en Precampa\u00f1a: Alejandra del Moral"},"content":{"rendered":"\n<p>S\u00e1bado, 11 de febrero de 2023<\/p>\n\n\n\n<p>La precandidata del PRI a la gubernatura opin\u00f3 que han manejado de mejor manera este periodo con la militancia y simpatizantes, lo que provoc\u00f3 el mejoramiento de los n\u00fameros en encuestas<br>A pocos d\u00edas de concluir el periodo de precampa\u00f1as, que finaliza este domingo 12 de febrero, la precandidata del PRI a la gubernatura del Estado de M\u00e9xico, Alejandra Del Moral, realiz\u00f3 un balance de este periodo previo a la definici\u00f3n de la candidatura de la alianza \u201cVa por el Estado de M\u00e9xico\u201d y el inicio de las campa\u00f1as, rumbo a la jornada electoral del 4 de junio. Se\u00f1al\u00f3 que el trabajo que han realizado con militantes y simpatizantes pri\u00edstas ha dado sus frutos y ha provocado una tendencia a la alza en la encuestas.<\/p>\n\n\n\n<p>Me da mucho gusto porque se est\u00e1 cerrando, independientemente de la encuestadora, de cada levantamiento, todos reflejan la misma tendencia, que vamos creciendo, que vamos avanzando, que tuvimos un mejor desempe\u00f1o y un mejor manejo de precampa\u00f1a, es decir, ganamos la precampa\u00f1a, el crecimiento es contundente y es una tendencia, declar\u00f3 la originaria de Cuautitl\u00e1n Izcalli.<\/p>\n\n\n\n<p>La tambi\u00e9n exlegisladora estatal augur\u00f3 que esta tendencia continuar\u00e1 mientras transcurran los d\u00edas, ahora que se sumen PAN, PRD y Nueva Alianza al proceso y asegur\u00f3 que mantendr\u00e1n concentrados en hacer lo que les para lograrlo, porque hasta ahora los esfuerzos se han enfocado s\u00f3lo con el PRI.<\/p>\n\n\n\n<p>Del Moral Vela indic\u00f3 tambi\u00e9n que creen que Morena y su precandidata, Delfina G\u00f3mez, ya llegaron a su techo y no crecer\u00e1n m\u00e1s, como se ha visto reflejado tambi\u00e9n en las diferentes encuestas que se han publicado.<\/p>\n\n\n\n<p>Cierre, en Texcoco<\/p>\n\n\n\n<p>Asimismo, la precandidata Inform\u00f3 que la Convenci\u00f3n de Delegadas y Delegados del PRI, m\u00e9todo definido para elegir a la candidata por parte de su partido, se realizar\u00e1 el pr\u00f3ximo 12 de febrero en el municipio de Texcoco, de donde es originaria Delfina G\u00f3mez, sin embargo asegur\u00f3 que no es una provocaci\u00f3n a Morena y que siempre han dado pruebas de respeto durante la precampa\u00f1a. Adelant\u00f3 que durante la celebraci\u00f3n de la convenci\u00f3n esperan la participaci\u00f3n de unas 33 mil personas.<\/p>\n\n\n\n<p>Siempre dijimos que \u00edbamos a cerrar en el oriente del estado, es como si nosotros nos hubi\u00e9ramos enojado porque ellos hicieron un evento en Toluca o en Atlacomulco, entonces no, para nada, no es ning\u00fan acto ni de desesperaci\u00f3n ni provocaci\u00f3n, simplemente el estado es plural, es de todos y vamos a caminarlo todo, agreg\u00f3.<\/p>\n","protected":false},"excerpt":{"rendered":"<p>S\u00e1bado, 11 de febrero de 2023 La precandidata del PRI a la gubernatura opin\u00f3 que&#8230;<\/p>\n","protected":false},"author":3,"featured_media":56442,"comment_status":"closed","ping_status":"closed","sticky":false,"template":"","format":"standard","meta":{"footnotes":""},"categories":[4],"tags":[],"class_list":["post-56441","post","type-post","status-publish","format-standard","has-post-thumbnail","hentry","category-noticias-del-dia"],"_links":{"self":[{"href":"https:\/\/bambapolitica.com.mx\/index.php\/wp-json\/wp\/v2\/posts\/56441","targetHints":{"allow":["GET"]}}],"collection":[{"href":"https:\/\/bambapolitica.com.mx\/index.php\/wp-json\/wp\/v2\/posts"}],"about":[{"href":"https:\/\/bambapolitica.com.mx\/index.php\/wp-json\/wp\/v2\/types\/post"}],"author":[{"embeddable":true,"href":"https:\/\/bambapolitica.com.mx\/index.php\/wp-json\/wp\/v2\/users\/3"}],"replies":[{"embeddable":true,"href":"https:\/\/bambapolitica.com.mx\/index.php\/wp-json\/wp\/v2\/comments?post=56441"}],"version-history":[{"count":1,"href":"https:\/\/bambapolitica.com.mx\/index.php\/wp-json\/wp\/v2\/posts\/56441\/revisions"}],"predecessor-version":[{"id":56443,"href":"https:\/\/bambapolitica.com.mx\/index.php\/wp-json\/wp\/v2\/posts\/56441\/revisions\/56443"}],"wp:featuredmedia":[{"embeddable":true,"href":"https:\/\/bambapolitica.com.mx\/index.php\/wp-json\/wp\/v2\/media\/56442"}],"wp:attachment":[{"href":"https:\/\/bambapolitica.com.mx\/index.php\/wp-json\/wp\/v2\/media?parent=56441"}],"wp:term":[{"taxonomy":"category","embeddable":true,"href":"https:\/\/bambapolitica.com.mx\/index.php\/wp-json\/wp\/v2\/categories?post=56441"},{"taxonomy":"post_tag","embeddable":true,"href":"https:\/\/bambapolitica.com.mx\/index.php\/wp-json\/wp\/v2\/tags?post=56441"}],"curies":[{"name":"wp","href":"https:\/\/api.w.org\/{rel}","templated":true}]}}