{"id":56447,"date":"2023-02-11T10:11:00","date_gmt":"2023-02-11T16:11:00","guid":{"rendered":"http:\/\/bambapolitica.com.mx\/?p=56447"},"modified":"2023-02-10T10:14:12","modified_gmt":"2023-02-10T16:14:12","slug":"detienen-a-fabricantes-de-armas-artesanales-en-ecatepec","status":"publish","type":"post","link":"https:\/\/bambapolitica.com.mx\/index.php\/2023\/02\/11\/detienen-a-fabricantes-de-armas-artesanales-en-ecatepec\/","title":{"rendered":"Detienen a Fabricantes de Armas Artesanales en Ecatepec"},"content":{"rendered":"\n<p>S\u00e1bado, 11 de febrero de 2023<\/p>\n\n\n\n<p>Durante la detenci\u00f3n les fueron decomisadas m\u00e1s de 25 armas, as\u00ed como diferentes cartuchos y municiones<\/p>\n\n\n\n<p><br>Polic\u00edas municipales y ministeriales detuvieron a tres sujetos que se dedicaban a fabricar armas artesanales y traficar droga. Esto sucedi\u00f3 en calles de la colonia Melchor Muzquiz, en Ecatepec.<br>De acuerdo con autoridades, a los presuntos delincuentes se les encontraron 25 armas de este tipo, con cargadores y municiones, as\u00ed como medio kilo de presunta marihuana.<\/p>\n\n\n\n<p><br>Las detenciones se realizaron cuando se llevaba a cabo un operativo Rastrillo, que realizan de manera regular autoridades de los tres niveles de Gobierno en diversos municipios mexiquenses.<br>Cuando elementos de la polic\u00eda pasaban por la calle Melchor Ocampo, los tres sujetos intentaron darse a la fuga al ver las patrullas.<\/p>\n\n\n\n<p><br>Los uniformados les dieron alcance y al revisarlos les encontraron seis armas cortas y 22 plumas pistola de fabricaci\u00f3n artesanal, tres cargadores de subametralladora, tres cargadores de carabina, 13 cargadores de escuadra, y los siguientes cartuchos \u00fatiles: 23 calibre 32, ocho calibre 287, tres calibre 32 cortos, siete calibre 38 especial, 16 calibre 762 largos y 42 calibre 762 cortos, as\u00ed como una bolsa con aproximadamente 400 gramos de hierba verde, presuntamente marihuana.<\/p>\n\n\n\n<p><br>Los detenidos son Israel \u201cN\u201d, de 35 a\u00f1os de edad; Ren\u00e9 de Jes\u00fas \u201cN\u201d, de 21, y Jorge Antonio \u201cN\u201d, de 25 a\u00f1os, y fueron llevados a la agencia del Ministerio P\u00fablico de La Palma.<\/p>\n\n\n\n<p><br>Hace unos d\u00edas, las autoridades detuvieron a dos personas que portaban herramienta, p\u00f3lvora y armas de madera tambi\u00e9n de manufactura artesanal sobre la avenida Camino a San Andr\u00e9s, en la colonia La Lomita, en este mismo municipio.<\/p>\n","protected":false},"excerpt":{"rendered":"<p>S\u00e1bado, 11 de febrero de 2023 Durante la detenci\u00f3n les fueron decomisadas m\u00e1s de 25&#8230;<\/p>\n","protected":false},"author":3,"featured_media":56448,"comment_status":"closed","ping_status":"closed","sticky":false,"template":"","format":"standard","meta":{"footnotes":""},"categories":[4,2],"tags":[],"class_list":["post-56447","post","type-post","status-publish","format-standard","has-post-thumbnail","hentry","category-noticias-del-dia","category-policiaca"],"_links":{"self":[{"href":"https:\/\/bambapolitica.com.mx\/index.php\/wp-json\/wp\/v2\/posts\/56447","targetHints":{"allow":["GET"]}}],"collection":[{"href":"https:\/\/bambapolitica.com.mx\/index.php\/wp-json\/wp\/v2\/posts"}],"about":[{"href":"https:\/\/bambapolitica.com.mx\/index.php\/wp-json\/wp\/v2\/types\/post"}],"author":[{"embeddable":true,"href":"https:\/\/bambapolitica.com.mx\/index.php\/wp-json\/wp\/v2\/users\/3"}],"replies":[{"embeddable":true,"href":"https:\/\/bambapolitica.com.mx\/index.php\/wp-json\/wp\/v2\/comments?post=56447"}],"version-history":[{"count":1,"href":"https:\/\/bambapolitica.com.mx\/index.php\/wp-json\/wp\/v2\/posts\/56447\/revisions"}],"predecessor-version":[{"id":56449,"href":"https:\/\/bambapolitica.com.mx\/index.php\/wp-json\/wp\/v2\/posts\/56447\/revisions\/56449"}],"wp:featuredmedia":[{"embeddable":true,"href":"https:\/\/bambapolitica.com.mx\/index.php\/wp-json\/wp\/v2\/media\/56448"}],"wp:attachment":[{"href":"https:\/\/bambapolitica.com.mx\/index.php\/wp-json\/wp\/v2\/media?parent=56447"}],"wp:term":[{"taxonomy":"category","embeddable":true,"href":"https:\/\/bambapolitica.com.mx\/index.php\/wp-json\/wp\/v2\/categories?post=56447"},{"taxonomy":"post_tag","embeddable":true,"href":"https:\/\/bambapolitica.com.mx\/index.php\/wp-json\/wp\/v2\/tags?post=56447"}],"curies":[{"name":"wp","href":"https:\/\/api.w.org\/{rel}","templated":true}]}}