{"id":56501,"date":"2023-02-13T10:09:51","date_gmt":"2023-02-13T16:09:51","guid":{"rendered":"http:\/\/bambapolitica.com.mx\/?p=56501"},"modified":"2023-02-13T10:09:53","modified_gmt":"2023-02-13T16:09:53","slug":"roba-vehiculo-desencadena-persecucion-en-circuito-exterior-mexiquense-y-se-arroja-a-canal","status":"publish","type":"post","link":"https:\/\/bambapolitica.com.mx\/index.php\/2023\/02\/13\/roba-vehiculo-desencadena-persecucion-en-circuito-exterior-mexiquense-y-se-arroja-a-canal\/","title":{"rendered":"Roba veh\u00edculo, desencadena persecuci\u00f3n en Circuito Exterior Mexiquense y se arroja a canal"},"content":{"rendered":"\n<p>lunes, 13 de febrero de 2023<\/p>\n\n\n\n<p>El sujeto fue detenido y trasladado al hospital tras ingerir aguas negras en su intento de huida<br>Alejandro N se arroj\u00f3 a un canal de aguas residuales para intentar escapar de la polic\u00eda municipal de Ecatepec, luego de despojar de su veh\u00edculo a una pareja en calles de este municipio.<\/p>\n\n\n\n<p>Elementos de la Direcci\u00f3n de Seguridad P\u00fablica y Tr\u00e1nsito de Ecatepec con apoyo del helic\u00f3ptero Jaguar 1, lograron la detenci\u00f3n de este hombre.<\/p>\n\n\n\n<p><br>Los hechos ocurrieron esta ma\u00f1ana, cuando una mujer solicit\u00f3 el auxilio de los polic\u00edas municipales, pues momentos antes un sujeto la hab\u00eda despojado de su veh\u00edculo, amenaz\u00e1ndola con un arma de fuego.<br>Los agentes municipales iniciaron el rastreo y persecuci\u00f3n del veh\u00edculo tipo March modelo 2021. Sin embargo, al percatarse el presunto ladr\u00f3n de que los oficiales lo persegu\u00edan, se incorpor\u00f3 al Circuito Exterior Mexiquense donde se impact\u00f3 contra otro veh\u00edculo.<br>Al verse acorralado, el presunto delincuente opt\u00f3 por abandonar el auto en la autopista y continuar su huida a pie, saltando al canal de aguas negras que cruza por el fraccionamiento Las Am\u00e9ricas.<br>Derivado de la coordinaci\u00f3n de los polic\u00edas municipales y el apoyo de la tripulaci\u00f3n del helic\u00f3ptero Jaguar 1, se logr\u00f3 ubicar al presunto delincuente.<\/p>\n\n\n\n<p>Luis Eder G\u00f3mez V\u00e1zquez, t\u00e9cnico operativo de la polic\u00eda municipal ingres\u00f3 al cauce de agua para realizar el aseguramiento de Alejandro &#8216;N&#8217;, quien sufri\u00f3 lesiones al arrojarse al canal.<\/p>\n\n\n\n<p>Luego de ser detenido por su presunta participaci\u00f3n en la comisi\u00f3n del delito de robo de veh\u00edculo con violencia y portaci\u00f3n de arma de fuego, el sujeto fue trasladado al hospital de Las Am\u00e9ricas donde recibe atenci\u00f3n m\u00e9dica luego de ingerir aguas negras en su intento de huida.<\/p>\n\n\n\n<p>Posteriormente ser\u00e1 trasladado al Ministerio P\u00fablico donde se resolver\u00e1 su situaci\u00f3n legal.<\/p>\n","protected":false},"excerpt":{"rendered":"<p>lunes, 13 de febrero de 2023 El sujeto fue detenido y trasladado al hospital tras&#8230;<\/p>\n","protected":false},"author":3,"featured_media":56502,"comment_status":"closed","ping_status":"closed","sticky":false,"template":"","format":"standard","meta":{"footnotes":""},"categories":[2],"tags":[],"class_list":["post-56501","post","type-post","status-publish","format-standard","has-post-thumbnail","hentry","category-policiaca"],"_links":{"self":[{"href":"https:\/\/bambapolitica.com.mx\/index.php\/wp-json\/wp\/v2\/posts\/56501","targetHints":{"allow":["GET"]}}],"collection":[{"href":"https:\/\/bambapolitica.com.mx\/index.php\/wp-json\/wp\/v2\/posts"}],"about":[{"href":"https:\/\/bambapolitica.com.mx\/index.php\/wp-json\/wp\/v2\/types\/post"}],"author":[{"embeddable":true,"href":"https:\/\/bambapolitica.com.mx\/index.php\/wp-json\/wp\/v2\/users\/3"}],"replies":[{"embeddable":true,"href":"https:\/\/bambapolitica.com.mx\/index.php\/wp-json\/wp\/v2\/comments?post=56501"}],"version-history":[{"count":1,"href":"https:\/\/bambapolitica.com.mx\/index.php\/wp-json\/wp\/v2\/posts\/56501\/revisions"}],"predecessor-version":[{"id":56503,"href":"https:\/\/bambapolitica.com.mx\/index.php\/wp-json\/wp\/v2\/posts\/56501\/revisions\/56503"}],"wp:featuredmedia":[{"embeddable":true,"href":"https:\/\/bambapolitica.com.mx\/index.php\/wp-json\/wp\/v2\/media\/56502"}],"wp:attachment":[{"href":"https:\/\/bambapolitica.com.mx\/index.php\/wp-json\/wp\/v2\/media?parent=56501"}],"wp:term":[{"taxonomy":"category","embeddable":true,"href":"https:\/\/bambapolitica.com.mx\/index.php\/wp-json\/wp\/v2\/categories?post=56501"},{"taxonomy":"post_tag","embeddable":true,"href":"https:\/\/bambapolitica.com.mx\/index.php\/wp-json\/wp\/v2\/tags?post=56501"}],"curies":[{"name":"wp","href":"https:\/\/api.w.org\/{rel}","templated":true}]}}