{"id":56504,"date":"2023-02-13T10:27:38","date_gmt":"2023-02-13T16:27:38","guid":{"rendered":"http:\/\/bambapolitica.com.mx\/?p=56504"},"modified":"2023-02-13T10:27:40","modified_gmt":"2023-02-13T16:27:40","slug":"dan-prision-preventiva-a-el-lupe-tapia-operador-del-mayo-zambada","status":"publish","type":"post","link":"https:\/\/bambapolitica.com.mx\/index.php\/2023\/02\/13\/dan-prision-preventiva-a-el-lupe-tapia-operador-del-mayo-zambada\/","title":{"rendered":"Dan prisi\u00f3n preventiva a \u2018El Lupe\u2019 Tapia, operador del \u2018Mayo\u2019 Zambada"},"content":{"rendered":"\n<p>lunes, 13 de febrero de 2023<\/p>\n\n\n\n<p>\u2018El Lupe\u2019 Tapia es se\u00f1alado por delitos contra la salud y portaci\u00f3n de armas de fuego de uso exclusivo del Ej\u00e9rcito y Fuerza A\u00e9rea<br>Jos\u00e9 Guadalupe Tapia Quintero, alias El Lupe Tapia, se\u00f1alado por ser el operador del narcotraficante Ismael Mayo Zambada, recibi\u00f3 prisi\u00f3n preventiva por parte de un juez.<\/p>\n\n\n\n<p>En un comunicado, la Secretar\u00eda de la Defensa Nacional (Sedena) detall\u00f3 que un juez de control calific\u00f3 de legal la detenci\u00f3n de El Lupe Tapia, a quien se le imputaron presuntos delitos contra la salud y portaci\u00f3n de armas de fuego de uso exclusivo del Ej\u00e9rcito y Fuerza A\u00e9rea Mexicanos.<\/p>\n\n\n\n<p>\u201cActualmente, Jos\u00e9 \u201cN\u201d se encuentra en calidad de internado en el Centro Federal de Readaptaci\u00f3n Social No. 1 (Cefereso) del Altiplano en Almoloya de Ju\u00e1rez, Estado de M\u00e9xico\u201d, se lee en el bolet\u00edn de prensa.<\/p>\n\n\n\n<p>Cabe destacar que el inculpado es considerado presunto principal productor de pastillas de fentanilo y metanfetamina, adem\u00e1s de que presuntamente realiza el trasiego de coca\u00edna a gran escala de centro y Sudam\u00e9rica hacia los E.U.A.\u201d, puntualiz\u00f3 la Sedena.<\/p>\n\n\n\n<p>A Tapia Quintero se le resume como \u201cuno de los presuntos principales blancos prioritarios generadores de violencia y representa una amenaza para la sociedad\u201d.<\/p>\n\n\n\n<p>Personal del Ej\u00e9rcito Mexicano y Guardia Nacional, en apoyo al Centro Nacional de Fusi\u00f3n de Inteligencia (CENFI), adscrito al Centro Nacional de Inteligencia (CNI), llevaron a cabo el pasado 9 de febrero la detenci\u00f3n del Lupe Tapia, se\u00f1alado por ser operador de alto rango de Ismael Mayo Zambada, l\u00edder del C\u00e1rtel de Sinaloa.<\/p>\n\n\n\n<p>La captura del operador fue realizada en la sindicatura de Tacuichamona, la cual e encuentra ubicada de Culiac\u00e1n, en el estado de Sinaloa, seg\u00fan informaci\u00f3n de fuentes federales.<\/p>\n","protected":false},"excerpt":{"rendered":"<p>lunes, 13 de febrero de 2023 \u2018El Lupe\u2019 Tapia es se\u00f1alado por delitos contra la&#8230;<\/p>\n","protected":false},"author":3,"featured_media":56505,"comment_status":"closed","ping_status":"closed","sticky":false,"template":"","format":"standard","meta":{"footnotes":""},"categories":[2],"tags":[],"class_list":["post-56504","post","type-post","status-publish","format-standard","has-post-thumbnail","hentry","category-policiaca"],"_links":{"self":[{"href":"https:\/\/bambapolitica.com.mx\/index.php\/wp-json\/wp\/v2\/posts\/56504","targetHints":{"allow":["GET"]}}],"collection":[{"href":"https:\/\/bambapolitica.com.mx\/index.php\/wp-json\/wp\/v2\/posts"}],"about":[{"href":"https:\/\/bambapolitica.com.mx\/index.php\/wp-json\/wp\/v2\/types\/post"}],"author":[{"embeddable":true,"href":"https:\/\/bambapolitica.com.mx\/index.php\/wp-json\/wp\/v2\/users\/3"}],"replies":[{"embeddable":true,"href":"https:\/\/bambapolitica.com.mx\/index.php\/wp-json\/wp\/v2\/comments?post=56504"}],"version-history":[{"count":1,"href":"https:\/\/bambapolitica.com.mx\/index.php\/wp-json\/wp\/v2\/posts\/56504\/revisions"}],"predecessor-version":[{"id":56506,"href":"https:\/\/bambapolitica.com.mx\/index.php\/wp-json\/wp\/v2\/posts\/56504\/revisions\/56506"}],"wp:featuredmedia":[{"embeddable":true,"href":"https:\/\/bambapolitica.com.mx\/index.php\/wp-json\/wp\/v2\/media\/56505"}],"wp:attachment":[{"href":"https:\/\/bambapolitica.com.mx\/index.php\/wp-json\/wp\/v2\/media?parent=56504"}],"wp:term":[{"taxonomy":"category","embeddable":true,"href":"https:\/\/bambapolitica.com.mx\/index.php\/wp-json\/wp\/v2\/categories?post=56504"},{"taxonomy":"post_tag","embeddable":true,"href":"https:\/\/bambapolitica.com.mx\/index.php\/wp-json\/wp\/v2\/tags?post=56504"}],"curies":[{"name":"wp","href":"https:\/\/api.w.org\/{rel}","templated":true}]}}