{"id":56542,"date":"2023-02-14T09:28:38","date_gmt":"2023-02-14T15:28:38","guid":{"rendered":"http:\/\/bambapolitica.com.mx\/?p=56542"},"modified":"2023-02-14T09:28:40","modified_gmt":"2023-02-14T15:28:40","slug":"mexico-publica-nuevo-decreto-para-vetar-al-maiz-transgenico-y-el-glifosato","status":"publish","type":"post","link":"https:\/\/bambapolitica.com.mx\/index.php\/2023\/02\/14\/mexico-publica-nuevo-decreto-para-vetar-al-maiz-transgenico-y-el-glifosato\/","title":{"rendered":"M\u00e9xico publica nuevo decreto para vetar al ma\u00edz transg\u00e9nico y el glifosato"},"content":{"rendered":"\n<p>Martes, 14 de febrero de 2023<\/p>\n\n\n\n<p>Mediante este decreto, el Gobierno mexicano busca establecer alternativas y pr\u00e1cticas \u201csostenibles y culturalmente adecuadas\u201d<\/p>\n\n\n\n<p><br>En medio de una disputa sobre el comercio de ma\u00edz transg\u00e9nico con Estados Unidos, el Gobierno de M\u00e9xico emiti\u00f3 este lunes un nuevo decreto sobre el uso, enajenaci\u00f3n, distribuci\u00f3n, promoci\u00f3n e importaci\u00f3n de glifosato y ma\u00edz transg\u00e9nico, el cual elimina el decreto anterior del 31 de diciembre de 2020.<\/p>\n\n\n\n<p><br>De acuerdo con este nuevo decreto, se instruye a las dependencias y entidades de la Administraci\u00f3n P\u00fablica Federal \u201cpara que se abstengan de adquirir, utilizar, distribuir, promover e importar ma\u00edz gen\u00e9ticamente modificado\u201c.<\/p>\n\n\n\n<p><br>As\u00ed como glifosato o agroqu\u00edmicos que lo contengan como ingrediente activo, para cualquier uso, en el marco de programas p\u00fablicos o de cualquier otra actividad del gobierno.<br>\u201cLas dependencias y entidades de la Administraci\u00f3n P\u00fablica Federal realizar\u00e1n las acciones conducentes a efecto de llevar a cabo la sustituci\u00f3n gradual del ma\u00edz gen\u00e9ticamente modificado para alimentaci\u00f3n animal y de uso industrial para alimentaci\u00f3n humana\u201d, apunta el documento.<\/p>\n\n\n\n<p><br>El nuevo decreto, publicado este lunes en la edici\u00f3n vespertina del Diario Oficial de la Federaci\u00f3n (DOF), tambi\u00e9n ampl\u00eda hasta el 30 de marzo de 2024 el plazo para \u201cel desarrollo y escalamiento de las acciones\u201d que lleven a eliminar el uso del herbicida glifosato en M\u00e9xico.<\/p>\n\n\n\n<p><br>Mediante este decreto, el Gobierno mexicano busca establecer alternativas y pr\u00e1cticas \u201csostenibles y culturalmente adecuadas, que permitan mantener la producci\u00f3n agr\u00edcola y resulten seguras para la salud humana, la diversidad biocultural del pa\u00eds y el ambiente\u201d.<\/p>\n\n\n\n<p><br>El pasado 23 de enero, el Gobierno estadounidense amag\u00f3 con iniciar un panel de soluci\u00f3n de controversias bajo el Tratado M\u00e9xico, Estados Unidos y Canad\u00e1 (-T-MEC), si M\u00e9xico no cambia su postura sobre el uso y la importaci\u00f3n de ma\u00edz transg\u00e9nico.<\/p>\n\n\n\n<p><br>\u201cDejamos en claro hoy que si este problema no se resuelve, consideraremos todas las opciones, incluida la adopci\u00f3n de medidas formales para hacer cumplir nuestros derechos en virtud del Acuerdo entre Estados Unidos, M\u00e9xico y Canad\u00e1\u201d, se\u00f1al\u00f3 el Representante Comercial de los EE. UU. (USTR, por sus siglas en ingl\u00e9s) en un comunicado.<\/p>\n\n\n\n<p><br>Las diferencias se dan luego de que el Gobierno mexicano emitiera un decreto, desde el 31 de diciembre de 2020, para frenar la importaci\u00f3n y uso de ma\u00edz transg\u00e9nico de forma progresiva hasta 2024, lo cual advirtieron podr\u00eda causar da\u00f1os econ\u00f3micos por miles de millones de d\u00f3lares a agricultores y ganaderos de ambas naciones.<\/p>\n\n\n\n<p><br>En un comunicado, la Secretar\u00eda de Econom\u00eda (SE) se\u00f1al\u00f3 que el objetivo de este nuevo decreto \u201ces precisar el objetivo y alcance de las pol\u00edticas p\u00fablicas, as\u00ed como eliminar cualquier posible imprecisi\u00f3n del texto predecesor, el cual se prest\u00f3 a interpretaciones diversas\u201d.<br>Adem\u00e1s, dijo, con esta nueva versi\u00f3n se brinda claridad en sus objetivos y certeza regulatoria con base en evidencia t\u00e9cnico-cient\u00edfica.<\/p>\n\n\n\n<p><br>En la nota, la SE dijo que el decreto \u201cse acota estrictamente al ma\u00edz\u201d. La canola, la soya, el algod\u00f3n y el resto de las materias primas no quedan sujetas a esta regulaci\u00f3n.<br>Y para evitar confusiones, se establece una categorizaci\u00f3n del ma\u00edz seg\u00fan su uso: alimentaci\u00f3n humana (masa y tortilla), forraje e industrializado para alimentaci\u00f3n humana.<br>Tambi\u00e9n \u201cel decreto proh\u00edbe el uso de ma\u00edz gen\u00e9ticamente modificado para la masa y la tortilla\u201d y en cuanto al uso de ma\u00edz gen\u00e9ticamente modificado para el forraje y la industria, se elimina la fecha l\u00edmite para prohibir su uso, quedando sujeto a que exista suficiencia en el abasto.<\/p>\n","protected":false},"excerpt":{"rendered":"<p>Martes, 14 de febrero de 2023 Mediante este decreto, el Gobierno mexicano busca establecer alternativas&#8230;<\/p>\n","protected":false},"author":3,"featured_media":56543,"comment_status":"closed","ping_status":"closed","sticky":false,"template":"","format":"standard","meta":{"footnotes":""},"categories":[4],"tags":[],"class_list":["post-56542","post","type-post","status-publish","format-standard","has-post-thumbnail","hentry","category-noticias-del-dia"],"_links":{"self":[{"href":"https:\/\/bambapolitica.com.mx\/index.php\/wp-json\/wp\/v2\/posts\/56542","targetHints":{"allow":["GET"]}}],"collection":[{"href":"https:\/\/bambapolitica.com.mx\/index.php\/wp-json\/wp\/v2\/posts"}],"about":[{"href":"https:\/\/bambapolitica.com.mx\/index.php\/wp-json\/wp\/v2\/types\/post"}],"author":[{"embeddable":true,"href":"https:\/\/bambapolitica.com.mx\/index.php\/wp-json\/wp\/v2\/users\/3"}],"replies":[{"embeddable":true,"href":"https:\/\/bambapolitica.com.mx\/index.php\/wp-json\/wp\/v2\/comments?post=56542"}],"version-history":[{"count":1,"href":"https:\/\/bambapolitica.com.mx\/index.php\/wp-json\/wp\/v2\/posts\/56542\/revisions"}],"predecessor-version":[{"id":56544,"href":"https:\/\/bambapolitica.com.mx\/index.php\/wp-json\/wp\/v2\/posts\/56542\/revisions\/56544"}],"wp:featuredmedia":[{"embeddable":true,"href":"https:\/\/bambapolitica.com.mx\/index.php\/wp-json\/wp\/v2\/media\/56543"}],"wp:attachment":[{"href":"https:\/\/bambapolitica.com.mx\/index.php\/wp-json\/wp\/v2\/media?parent=56542"}],"wp:term":[{"taxonomy":"category","embeddable":true,"href":"https:\/\/bambapolitica.com.mx\/index.php\/wp-json\/wp\/v2\/categories?post=56542"},{"taxonomy":"post_tag","embeddable":true,"href":"https:\/\/bambapolitica.com.mx\/index.php\/wp-json\/wp\/v2\/tags?post=56542"}],"curies":[{"name":"wp","href":"https:\/\/api.w.org\/{rel}","templated":true}]}}