{"id":56545,"date":"2023-02-14T09:32:15","date_gmt":"2023-02-14T15:32:15","guid":{"rendered":"http:\/\/bambapolitica.com.mx\/?p=56545"},"modified":"2023-02-14T09:32:20","modified_gmt":"2023-02-14T15:32:20","slug":"murio-el-dr-ismael-del-moral-padre-de-la-priista-alejandra-del-moral","status":"publish","type":"post","link":"https:\/\/bambapolitica.com.mx\/index.php\/2023\/02\/14\/murio-el-dr-ismael-del-moral-padre-de-la-priista-alejandra-del-moral\/","title":{"rendered":"Muri\u00f3 el Dr. Ismael Del Moral, padre de la priista Alejandra Del Moral"},"content":{"rendered":"\n<p>Martes, 14 de febrero de 2023<\/p>\n\n\n\n<p>Alejandra Del Moral resalt\u00f3 la fuerza, valor y amor al pr\u00f3jimo de su padre, y afirm\u00f3 estar orgullosa de ser su hija.<\/p>\n\n\n\n<p><br>La priista Alejandra Del Moral inform\u00f3 la muerte de su padre, el Dr. Ismael Del Moral.<br>Mediante redes sociales la precandidata electa al Gobierno del Estado de M\u00e9xico describi\u00f3 a su padre como un hombre con vocaci\u00f3n de servir y uno de los pilares m\u00e1s s\u00f3lidos de su vida.<\/p>\n\n\n\n<p><br>Del Moral resalt\u00f3 la fuerza, valor y amor al pr\u00f3jimo de su padre, y afirm\u00f3 estar orgullosa de ser su hija.<br>Estoy agradecida por saber que viviste la vida como quisiste y que no dejas nada pendiente. Soy bendecida, puedo asegurar que tuve al mejor padre del mundo. Te amo, pap\u00e1\u201d, escribi\u00f3.<\/p>\n","protected":false},"excerpt":{"rendered":"<p>Martes, 14 de febrero de 2023 Alejandra Del Moral resalt\u00f3 la fuerza, valor y amor&#8230;<\/p>\n","protected":false},"author":3,"featured_media":56546,"comment_status":"closed","ping_status":"closed","sticky":false,"template":"","format":"standard","meta":{"footnotes":""},"categories":[4],"tags":[],"class_list":["post-56545","post","type-post","status-publish","format-standard","has-post-thumbnail","hentry","category-noticias-del-dia"],"_links":{"self":[{"href":"https:\/\/bambapolitica.com.mx\/index.php\/wp-json\/wp\/v2\/posts\/56545","targetHints":{"allow":["GET"]}}],"collection":[{"href":"https:\/\/bambapolitica.com.mx\/index.php\/wp-json\/wp\/v2\/posts"}],"about":[{"href":"https:\/\/bambapolitica.com.mx\/index.php\/wp-json\/wp\/v2\/types\/post"}],"author":[{"embeddable":true,"href":"https:\/\/bambapolitica.com.mx\/index.php\/wp-json\/wp\/v2\/users\/3"}],"replies":[{"embeddable":true,"href":"https:\/\/bambapolitica.com.mx\/index.php\/wp-json\/wp\/v2\/comments?post=56545"}],"version-history":[{"count":1,"href":"https:\/\/bambapolitica.com.mx\/index.php\/wp-json\/wp\/v2\/posts\/56545\/revisions"}],"predecessor-version":[{"id":56547,"href":"https:\/\/bambapolitica.com.mx\/index.php\/wp-json\/wp\/v2\/posts\/56545\/revisions\/56547"}],"wp:featuredmedia":[{"embeddable":true,"href":"https:\/\/bambapolitica.com.mx\/index.php\/wp-json\/wp\/v2\/media\/56546"}],"wp:attachment":[{"href":"https:\/\/bambapolitica.com.mx\/index.php\/wp-json\/wp\/v2\/media?parent=56545"}],"wp:term":[{"taxonomy":"category","embeddable":true,"href":"https:\/\/bambapolitica.com.mx\/index.php\/wp-json\/wp\/v2\/categories?post=56545"},{"taxonomy":"post_tag","embeddable":true,"href":"https:\/\/bambapolitica.com.mx\/index.php\/wp-json\/wp\/v2\/tags?post=56545"}],"curies":[{"name":"wp","href":"https:\/\/api.w.org\/{rel}","templated":true}]}}