{"id":56548,"date":"2023-02-14T09:36:03","date_gmt":"2023-02-14T15:36:03","guid":{"rendered":"http:\/\/bambapolitica.com.mx\/?p=56548"},"modified":"2023-02-14T09:36:05","modified_gmt":"2023-02-14T15:36:05","slug":"explota-tanque-de-gas-estacionario-en-nezahualcoyotl-hay-cuatro-heridos-de-gravedad","status":"publish","type":"post","link":"https:\/\/bambapolitica.com.mx\/index.php\/2023\/02\/14\/explota-tanque-de-gas-estacionario-en-nezahualcoyotl-hay-cuatro-heridos-de-gravedad\/","title":{"rendered":"Explota tanque de gas estacionario en Nezahualc\u00f3yotl; hay cuatro heridos de gravedad"},"content":{"rendered":"\n<p>Martes, 14 de febrero de 2023<\/p>\n\n\n\n<p>El tanque comenz\u00f3 a prenderse y en su intento por apagarlo, una persona sufri\u00f3 da\u00f1os f\u00edsicos y tres m\u00e1s quemaduras de primer y segundo grado.<\/p>\n\n\n\n<p><br>Al menos cuatro personas resultaron lesionadas, tres de ellas de gravedad, luego de que un tanque de gas estacionario de 20 kilos explotara en una vivienda del municipio de Nezahualc\u00f3yotl. Los hechos ocurrieron en la colonia El Palmar, minutos despu\u00e9s de las 21 horas, cuando integrantes de la familia que habitaba el domicilio con el n\u00famero 215 se percataron de que el tanque estaba en malas condiciones.<br>De inmediato dieron aviso a las personas que rentan la parte inferior de la casa para que desalojaran y tambi\u00e9n a los vecinos de las casas cercanas.<\/p>\n\n\n\n<p><br>Sin embargo, el tanque comenz\u00f3 a prenderse y en su intento por apagarlo, una persona sufri\u00f3 da\u00f1os f\u00edsicos y tres m\u00e1s quemaduras de primer y segundo grado.<br>Se trata de Armando \u201cN\u201d de 37 a\u00f1os, que fue trasladado al Hospital Magdalena de Las Salinas y otras dos personas de entre 25 y 30 a\u00f1os de edad que fueron canalizadas al Hospital General Gustavo Baz.<br>\u201cA mi cu\u00f1ado lo sentaron y le empezaron a echar agua, a su hermano lo metieron adentro de la pileta porque salieron con el fuego y la ambulancia no llegaba y no llegaba\u201d, asegur\u00f3 la hermana de una de las v\u00edctimas.<\/p>\n\n\n\n<p><br>\u201cLamentablemente resultaron 4 personas heridas que fueron atendidas y trasladadas de inmediato a diferentes hospitales\u201d, inform\u00f3 el Ayuntamiento.<\/p>\n\n\n\n<p><br>La vivienda qued\u00f3 destrozada e incluso algunas casas contiguas tambi\u00e9n sufrieron da\u00f1os. La zona permanece acordonada y resguardada en tanto, cuerpos de emergencia realizan las labores correspondientes.<\/p>\n","protected":false},"excerpt":{"rendered":"<p>Martes, 14 de febrero de 2023 El tanque comenz\u00f3 a prenderse y en su intento&#8230;<\/p>\n","protected":false},"author":3,"featured_media":56549,"comment_status":"closed","ping_status":"closed","sticky":false,"template":"","format":"standard","meta":{"footnotes":""},"categories":[4],"tags":[],"class_list":["post-56548","post","type-post","status-publish","format-standard","has-post-thumbnail","hentry","category-noticias-del-dia"],"_links":{"self":[{"href":"https:\/\/bambapolitica.com.mx\/index.php\/wp-json\/wp\/v2\/posts\/56548","targetHints":{"allow":["GET"]}}],"collection":[{"href":"https:\/\/bambapolitica.com.mx\/index.php\/wp-json\/wp\/v2\/posts"}],"about":[{"href":"https:\/\/bambapolitica.com.mx\/index.php\/wp-json\/wp\/v2\/types\/post"}],"author":[{"embeddable":true,"href":"https:\/\/bambapolitica.com.mx\/index.php\/wp-json\/wp\/v2\/users\/3"}],"replies":[{"embeddable":true,"href":"https:\/\/bambapolitica.com.mx\/index.php\/wp-json\/wp\/v2\/comments?post=56548"}],"version-history":[{"count":1,"href":"https:\/\/bambapolitica.com.mx\/index.php\/wp-json\/wp\/v2\/posts\/56548\/revisions"}],"predecessor-version":[{"id":56550,"href":"https:\/\/bambapolitica.com.mx\/index.php\/wp-json\/wp\/v2\/posts\/56548\/revisions\/56550"}],"wp:featuredmedia":[{"embeddable":true,"href":"https:\/\/bambapolitica.com.mx\/index.php\/wp-json\/wp\/v2\/media\/56549"}],"wp:attachment":[{"href":"https:\/\/bambapolitica.com.mx\/index.php\/wp-json\/wp\/v2\/media?parent=56548"}],"wp:term":[{"taxonomy":"category","embeddable":true,"href":"https:\/\/bambapolitica.com.mx\/index.php\/wp-json\/wp\/v2\/categories?post=56548"},{"taxonomy":"post_tag","embeddable":true,"href":"https:\/\/bambapolitica.com.mx\/index.php\/wp-json\/wp\/v2\/tags?post=56548"}],"curies":[{"name":"wp","href":"https:\/\/api.w.org\/{rel}","templated":true}]}}