{"id":56551,"date":"2023-02-14T09:40:01","date_gmt":"2023-02-14T15:40:01","guid":{"rendered":"http:\/\/bambapolitica.com.mx\/?p=56551"},"modified":"2023-02-15T11:54:07","modified_gmt":"2023-02-15T17:54:07","slug":"cuando-inician-las-campanas-fechas-claves-de-las-elecciones-en-edomex","status":"publish","type":"post","link":"https:\/\/bambapolitica.com.mx\/index.php\/2023\/02\/14\/cuando-inician-las-campanas-fechas-claves-de-las-elecciones-en-edomex\/","title":{"rendered":"\u00bfCu\u00e1ndo Inician las Campa\u00f1as? Fechas Claves de las Elecciones en Edomex"},"content":{"rendered":"\n<p>Mi\u00e9rcoles, 15 de Febrero 2023<\/p>\n\n\n\n<p>Tras concluir las precampa\u00f1as, ahora inicia el per\u00edodo en el que estar\u00e1 abierto el registro de candidatos<br>Este domingo 12 de febrero concluyeron las precampa\u00f1as de los precandidatos que desean competir por la gubernatura del Estado de M\u00e9xico. Estas son las fechas claves previo a las votaciones del 4 de junio.<br>Tras concluir los 30 d\u00edas de precampa\u00f1a, ahora vendr\u00e1 una etapa de 48 d\u00edas en las que los precandidatas Delfina G\u00f3mez (Morena) y Alejandra Del Moral (PRI) no tendr\u00e1n actos p\u00fablicos de campa\u00f1a.<br>De acuerdo con el calendario establecido por el Instituto Electoral del Estado de M\u00e9xico (IEEM), de 14 de febrero al 12 de febrero se llevar\u00eda a cabo la etapa de precampa\u00f1a.<\/p>\n\n\n\n<p><br>Ahora, desde este 13 de febrero y hasta el 2 de abril viene la fase denominada como de intercampa\u00f1a en la que los partidos pol\u00edticos deber\u00e1n realizar el registro de sus candidatos en las plataformas electorales.<br>Asimismo, los partidos tendr\u00e1n hasta el 15 de marzo para hacer el retiro de su propaganda electoral de precampa\u00f1a para su reciclaje.<\/p>\n\n\n\n<p><br>Ser\u00e1 del 18 al 27 de marzo cuando el Instituto reciba las solicitudes para el registro de candidatos.<br>En tanto, el 2 de abril se har\u00e1 publica la resoluci\u00f3n y dar\u00e1 a conocer los nombres de los candidatos registrados, as\u00ed como aquellos que no cumplieron con los requisitos.<\/p>\n\n\n\n<p><br>El 3 de abril dar\u00e1n inicio las campa\u00f1as electorales, que tendr\u00e1n una duraci\u00f3n de 59 d\u00edas, es decir, concluir\u00e1n el 31 de mayo. En este mismo periodo los candidatos podr\u00e1n participar en debates.<br>Del 1 al 4 de junio, los candidatos y partidos pol\u00edticos no podr\u00e1n realizar actos de campa\u00f1a ni proselitismo. Finalmente, las elecciones se realizar\u00e1n el domingo 4 de junio.<\/p>\n","protected":false},"excerpt":{"rendered":"<p>Mi\u00e9rcoles, 15 de Febrero 2023 Tras concluir las precampa\u00f1as, ahora inicia el per\u00edodo en el&#8230;<\/p>\n","protected":false},"author":3,"featured_media":56552,"comment_status":"closed","ping_status":"closed","sticky":false,"template":"","format":"standard","meta":{"footnotes":""},"categories":[4],"tags":[],"class_list":["post-56551","post","type-post","status-publish","format-standard","has-post-thumbnail","hentry","category-noticias-del-dia"],"_links":{"self":[{"href":"https:\/\/bambapolitica.com.mx\/index.php\/wp-json\/wp\/v2\/posts\/56551","targetHints":{"allow":["GET"]}}],"collection":[{"href":"https:\/\/bambapolitica.com.mx\/index.php\/wp-json\/wp\/v2\/posts"}],"about":[{"href":"https:\/\/bambapolitica.com.mx\/index.php\/wp-json\/wp\/v2\/types\/post"}],"author":[{"embeddable":true,"href":"https:\/\/bambapolitica.com.mx\/index.php\/wp-json\/wp\/v2\/users\/3"}],"replies":[{"embeddable":true,"href":"https:\/\/bambapolitica.com.mx\/index.php\/wp-json\/wp\/v2\/comments?post=56551"}],"version-history":[{"count":2,"href":"https:\/\/bambapolitica.com.mx\/index.php\/wp-json\/wp\/v2\/posts\/56551\/revisions"}],"predecessor-version":[{"id":56618,"href":"https:\/\/bambapolitica.com.mx\/index.php\/wp-json\/wp\/v2\/posts\/56551\/revisions\/56618"}],"wp:featuredmedia":[{"embeddable":true,"href":"https:\/\/bambapolitica.com.mx\/index.php\/wp-json\/wp\/v2\/media\/56552"}],"wp:attachment":[{"href":"https:\/\/bambapolitica.com.mx\/index.php\/wp-json\/wp\/v2\/media?parent=56551"}],"wp:term":[{"taxonomy":"category","embeddable":true,"href":"https:\/\/bambapolitica.com.mx\/index.php\/wp-json\/wp\/v2\/categories?post=56551"},{"taxonomy":"post_tag","embeddable":true,"href":"https:\/\/bambapolitica.com.mx\/index.php\/wp-json\/wp\/v2\/tags?post=56551"}],"curies":[{"name":"wp","href":"https:\/\/api.w.org\/{rel}","templated":true}]}}