{"id":56563,"date":"2023-02-14T10:36:29","date_gmt":"2023-02-14T16:36:29","guid":{"rendered":"http:\/\/bambapolitica.com.mx\/?p=56563"},"modified":"2023-02-15T11:52:19","modified_gmt":"2023-02-15T17:52:19","slug":"vinculan-a-proceso-a-carlos-caro-quintero-permanecera-en-el-reclusorio-norte","status":"publish","type":"post","link":"https:\/\/bambapolitica.com.mx\/index.php\/2023\/02\/14\/vinculan-a-proceso-a-carlos-caro-quintero-permanecera-en-el-reclusorio-norte\/","title":{"rendered":"Vinculan a proceso a Carlos Caro Quintero; permanecer\u00e1 en el Reclusorio Norte"},"content":{"rendered":"\n<p>Mi\u00e9rcoles, 15 de Febrero 2023<\/p>\n\n\n\n<p>Un juez de Control fij\u00f3 dos meses para el cierre de la investigaci\u00f3n complementaria y ratific\u00f3 la medida cautelar de prisi\u00f3n preventiva<\/p>\n\n\n\n<p><br>Carlos Caro Quintero, presunto hermano del narcotraficante Rafael Caro Quintero, fue vinculado a proceso con la medida cautelar de prisi\u00f3n preventiva.<\/p>\n\n\n\n<p><br>El hombre es se\u00f1alado por delitos contra la salud y portaci\u00f3n de arma de fuego de uso exclusivo del Ej\u00e9rcito, Armada y Fuerza A\u00e9rea.<\/p>\n\n\n\n<p><br>Un juez de Control fij\u00f3 dos meses para el cierre de la investigaci\u00f3n complementaria y ratific\u00f3 la medida cautelar de prisi\u00f3n preventiva, por lo que permanecer\u00e1 en el Reclusorio Preventivo Varonil Norte.<br>Caro Quintero fue detenido el pasado 6 de febrero en la colonia Lomas de Chapultepec de la Ciudad de M\u00e9xico.<br>Viajaba a bordo de un auto donde fue encontrada un arma de fuego y dosis de presunta droga.<\/p>\n","protected":false},"excerpt":{"rendered":"<p>Mi\u00e9rcoles, 15 de Febrero 2023 Un juez de Control fij\u00f3 dos meses para el cierre&#8230;<\/p>\n","protected":false},"author":3,"featured_media":56564,"comment_status":"closed","ping_status":"closed","sticky":false,"template":"","format":"standard","meta":{"footnotes":""},"categories":[2],"tags":[],"class_list":["post-56563","post","type-post","status-publish","format-standard","has-post-thumbnail","hentry","category-policiaca"],"_links":{"self":[{"href":"https:\/\/bambapolitica.com.mx\/index.php\/wp-json\/wp\/v2\/posts\/56563","targetHints":{"allow":["GET"]}}],"collection":[{"href":"https:\/\/bambapolitica.com.mx\/index.php\/wp-json\/wp\/v2\/posts"}],"about":[{"href":"https:\/\/bambapolitica.com.mx\/index.php\/wp-json\/wp\/v2\/types\/post"}],"author":[{"embeddable":true,"href":"https:\/\/bambapolitica.com.mx\/index.php\/wp-json\/wp\/v2\/users\/3"}],"replies":[{"embeddable":true,"href":"https:\/\/bambapolitica.com.mx\/index.php\/wp-json\/wp\/v2\/comments?post=56563"}],"version-history":[{"count":2,"href":"https:\/\/bambapolitica.com.mx\/index.php\/wp-json\/wp\/v2\/posts\/56563\/revisions"}],"predecessor-version":[{"id":56614,"href":"https:\/\/bambapolitica.com.mx\/index.php\/wp-json\/wp\/v2\/posts\/56563\/revisions\/56614"}],"wp:featuredmedia":[{"embeddable":true,"href":"https:\/\/bambapolitica.com.mx\/index.php\/wp-json\/wp\/v2\/media\/56564"}],"wp:attachment":[{"href":"https:\/\/bambapolitica.com.mx\/index.php\/wp-json\/wp\/v2\/media?parent=56563"}],"wp:term":[{"taxonomy":"category","embeddable":true,"href":"https:\/\/bambapolitica.com.mx\/index.php\/wp-json\/wp\/v2\/categories?post=56563"},{"taxonomy":"post_tag","embeddable":true,"href":"https:\/\/bambapolitica.com.mx\/index.php\/wp-json\/wp\/v2\/tags?post=56563"}],"curies":[{"name":"wp","href":"https:\/\/api.w.org\/{rel}","templated":true}]}}