{"id":56572,"date":"2023-02-14T10:51:34","date_gmt":"2023-02-14T16:51:34","guid":{"rendered":"http:\/\/bambapolitica.com.mx\/?p=56572"},"modified":"2023-02-15T11:50:51","modified_gmt":"2023-02-15T17:50:51","slug":"ex-presos-politicos-mantienen-fe-de-regresar-a-nicaragua","status":"publish","type":"post","link":"https:\/\/bambapolitica.com.mx\/index.php\/2023\/02\/14\/ex-presos-politicos-mantienen-fe-de-regresar-a-nicaragua\/","title":{"rendered":"Ex presos pol\u00edticos mantienen fe de regresar a Nicaragua"},"content":{"rendered":"\n<p>Mi\u00e9rcoles, 15 de Febrero 2023<\/p>\n\n\n\n<p>Ex presos pol\u00edticos acogidos por EE.UU. tienen fe en regresar a su natal Nicaragua, porque \u201cel amor a nuestras ra\u00edces ning\u00fan dictador no las puede quitar\u201d<\/p>\n\n\n\n<p><br>Los ex presos pol\u00edticos nicarag\u00fcenses desterrados a Estados Unidos no han perdido la fe de regresar a su patria ni de trabajar desde el exilio para forzar la salida del \u201cr\u00e9gimen de Daniel Ortega\u201d, como dijeron a EFE algunos de los que han empezado a llegar a Miami desde Washington.<\/p>\n\n\n\n<p><br>Este mediod\u00eda arrib\u00f3 a esa ciudad del sur de Florida una decena de nicarag\u00fcenses que formaban parte del grupo de 222 presos pol\u00edticos que fueron excarcelados el jueves pasado en Nicaragua y desterrados a Estados Unidos.<\/p>\n\n\n\n<p><br>El flujo se inici\u00f3 el s\u00e1bado con la llegada de los primeros que han decidido establecerse en Miami y para esta semana se esperan a otros como el exprecandidato presidencial F\u00e9lix Maradiaga.<\/p>\n\n\n\n<p><br>Algunos de los llegados hoy dijeron temer las represalias que puedan sufrir sus familiares en el pa\u00eds centroamericano y sienten incertidumbre ante el exilio forzado al que han sido condenados, pero sin olvidar por ello el compromiso con la oposici\u00f3n pol\u00edtica nicarag\u00fcense.<\/p>\n\n\n\n<p><br>\u201cAqu\u00ed estamos ahora en el destierro pero siempre con el coraz\u00f3n henchido, inflamado de orgullo patrio, de amor a Nicaragua. El amor a nuestras ra\u00edces ning\u00fan dictador no las puede quitar\u201d, dijo a EFE el l\u00edder estudiantil Yubran Suazo, de la ciudad de Masaya, quien integr\u00f3 el movimiento opositor 19 de abril.<br>El joven permaneci\u00f3 detenido en aislamiento, \u201cen condiciones completamente inhumanas\u201d, seg\u00fan relat\u00f3, en el Sistema Penitenciario La Modelo, a las afueras de Managua, desde mayo del a\u00f1o pasado.<br>Cumpl\u00eda una sentencia de diez de prisi\u00f3n en una celda de dos por tres metros de la que no pod\u00eda salir en todo el d\u00eda, sin la m\u00e1s m\u00ednima higiene y vigilado por una c\u00e1mara las 24 horas.<\/p>\n\n\n\n<p><br>Una ventanilla se abr\u00eda tres veces para entregarle sus tres comidas diarias, recuerda.<br>\u201cEra una alimentaci\u00f3n muy mala\u201d, afirma sin vacilaciones sobre un encarcelamiento durante el cual dijo haber sido v\u00edctima de \u201ctortura psicol\u00f3gica\u201d.<\/p>\n\n\n\n<p><br>Esa fue su segunda estancia en prisi\u00f3n tras haber estado detenido en 2018 y 2019.<br>Suazo explic\u00f3 que el d\u00eda que fue sacado de su celda para llevarlo al destierro pas\u00f3 momentos de angustia porque hasta poco antes de subir al avi\u00f3n que los traslad\u00f3 a Washington no sab\u00eda qu\u00e9 era lo que pasaba.<br>\u201cDejar todo es un proceso sumamente doloroso, es un duelo que creo que empiezo a procesar porque nunca fue para mi una opci\u00f3n el exilio, yo consideraba que mi lucha era junto a mi gente all\u00e1 en Nicaragua\u201d, dijo Suazo con la voz entrecortada.<\/p>\n\n\n\n<p><br>El joven, que expres\u00f3 su profundo agradecimiento a los Gobiernos de Estados Unidos y Espa\u00f1a por ofrecerles acogida, manifest\u00f3 que eligi\u00f3 establecerse en Miami dado que esta ciudad alberga a una de las comunidades de nicarag\u00fcenses originarios de Mayasa m\u00e1s grande en el exterior.<\/p>\n\n\n\n<p><br>Al aeropuerto de Miami han empezado a llegar algunos de los 222 presos pol\u00edticos nicarag\u00fcenses, muchos de los cuales han sido acogidos en el restaurante La Guacalita, punto de encuentro de la comunidad de este pa\u00eds centroamericano y donde sus propietarios se han encargado de brindarles alojamiento y manutenci\u00f3n durante sus primeros d\u00edas, seg\u00fan supo EFE.<\/p>\n\n\n\n<p><br>Muchos de los que han arribado para establecerse en el sur de Florida lo hacen porque tiene familiares y allegados en esta parte de EE.UU. y provienen de zonas rurales y humildes, donde ejercieron oposici\u00f3n al Gobierno de Ortega.<\/p>\n\n\n\n<p><br>\u201cEs imposible dejar esta lucha incompleta. Los retos son much\u00edsimos, la misma oposici\u00f3n tiene grandes retos y compromisos con el pueblo nicarag\u00fcense, sobre todo trabajar en unidad en una acci\u00f3n que fuerce la salida del r\u00e9gimen de (el presidente) Daniel Ortega\u201d, asever\u00f3 Suazo.<br>\u201cNo perdemos la fe ni la vamos a perder, como tampoco la de regresar a nuestra patria\u201d, ahond\u00f3.<\/p>\n","protected":false},"excerpt":{"rendered":"<p>Mi\u00e9rcoles, 15 de Febrero 2023 Ex presos pol\u00edticos acogidos por EE.UU. tienen fe en regresar&#8230;<\/p>\n","protected":false},"author":3,"featured_media":56573,"comment_status":"closed","ping_status":"closed","sticky":false,"template":"","format":"standard","meta":{"footnotes":""},"categories":[5],"tags":[],"class_list":["post-56572","post","type-post","status-publish","format-standard","has-post-thumbnail","hentry","category-internacional"],"_links":{"self":[{"href":"https:\/\/bambapolitica.com.mx\/index.php\/wp-json\/wp\/v2\/posts\/56572","targetHints":{"allow":["GET"]}}],"collection":[{"href":"https:\/\/bambapolitica.com.mx\/index.php\/wp-json\/wp\/v2\/posts"}],"about":[{"href":"https:\/\/bambapolitica.com.mx\/index.php\/wp-json\/wp\/v2\/types\/post"}],"author":[{"embeddable":true,"href":"https:\/\/bambapolitica.com.mx\/index.php\/wp-json\/wp\/v2\/users\/3"}],"replies":[{"embeddable":true,"href":"https:\/\/bambapolitica.com.mx\/index.php\/wp-json\/wp\/v2\/comments?post=56572"}],"version-history":[{"count":2,"href":"https:\/\/bambapolitica.com.mx\/index.php\/wp-json\/wp\/v2\/posts\/56572\/revisions"}],"predecessor-version":[{"id":56611,"href":"https:\/\/bambapolitica.com.mx\/index.php\/wp-json\/wp\/v2\/posts\/56572\/revisions\/56611"}],"wp:featuredmedia":[{"embeddable":true,"href":"https:\/\/bambapolitica.com.mx\/index.php\/wp-json\/wp\/v2\/media\/56573"}],"wp:attachment":[{"href":"https:\/\/bambapolitica.com.mx\/index.php\/wp-json\/wp\/v2\/media?parent=56572"}],"wp:term":[{"taxonomy":"category","embeddable":true,"href":"https:\/\/bambapolitica.com.mx\/index.php\/wp-json\/wp\/v2\/categories?post=56572"},{"taxonomy":"post_tag","embeddable":true,"href":"https:\/\/bambapolitica.com.mx\/index.php\/wp-json\/wp\/v2\/tags?post=56572"}],"curies":[{"name":"wp","href":"https:\/\/api.w.org\/{rel}","templated":true}]}}