{"id":56575,"date":"2023-02-14T11:26:45","date_gmt":"2023-02-14T17:26:45","guid":{"rendered":"http:\/\/bambapolitica.com.mx\/?p=56575"},"modified":"2023-02-15T11:55:36","modified_gmt":"2023-02-15T17:55:36","slug":"una-falla-deja-sin-electricidad-a-cerca-de-la-mitad-de-cuba","status":"publish","type":"post","link":"https:\/\/bambapolitica.com.mx\/index.php\/2023\/02\/14\/una-falla-deja-sin-electricidad-a-cerca-de-la-mitad-de-cuba\/","title":{"rendered":"Una \u201cfalla\u201d deja sin electricidad a cerca de la mitad de Cuba"},"content":{"rendered":"\n<p>Mi\u00e9rcoles, 15 de Febrero 2023<\/p>\n\n\n\n<p>Autoridades de Cuba indicaron que la falla habr\u00eda iniciado en un ca\u00f1averal de la zona como primera hip\u00f3tesis<br>Una \u201cfalla\u201d en l\u00edneas de alta tensi\u00f3n de 220 kilovoltios en Cuba dej\u00f3 al centro y el este de la isla sin suministro el\u00e9ctrico, inform\u00f3 este lunes la Presidencia a trav\u00e9s de Twitter.<\/p>\n\n\n\n<p><br>De acuerdo con la empresa estatal Uni\u00f3n El\u00e9ctrica (UNE), siete de las 15 provincias de Cuba est\u00e1n sin corriente desde el pasado mediod\u00eda: Ciego de \u00c1vila, Camag\u00fcey, Las Tunas, Granma, Holgu\u00edn, Santiago de Cuba y Guant\u00e1namo.<\/p>\n\n\n\n<p><br>El ministro de Energ\u00eda y Minas, Vicente de la O Levy, apunt\u00f3 al incendio de un ca\u00f1averal de la zona como primera hip\u00f3tesis de la falla ocurrida, sin aclarar cu\u00e1nto tiempo demorar\u00e1 repararla.<br>La \u201cfalla en la red\u201d, seg\u00fan lo calific\u00f3 la UNE, ocurri\u00f3 entre Sancti Sp\u00edritus y el municipio de Nuevitas (Camag\u00fcey).<\/p>\n","protected":false},"excerpt":{"rendered":"<p>Mi\u00e9rcoles, 15 de Febrero 2023 Autoridades de Cuba indicaron que la falla habr\u00eda iniciado en&#8230;<\/p>\n","protected":false},"author":3,"featured_media":56576,"comment_status":"closed","ping_status":"closed","sticky":false,"template":"","format":"standard","meta":{"footnotes":""},"categories":[5],"tags":[],"class_list":["post-56575","post","type-post","status-publish","format-standard","has-post-thumbnail","hentry","category-internacional"],"_links":{"self":[{"href":"https:\/\/bambapolitica.com.mx\/index.php\/wp-json\/wp\/v2\/posts\/56575","targetHints":{"allow":["GET"]}}],"collection":[{"href":"https:\/\/bambapolitica.com.mx\/index.php\/wp-json\/wp\/v2\/posts"}],"about":[{"href":"https:\/\/bambapolitica.com.mx\/index.php\/wp-json\/wp\/v2\/types\/post"}],"author":[{"embeddable":true,"href":"https:\/\/bambapolitica.com.mx\/index.php\/wp-json\/wp\/v2\/users\/3"}],"replies":[{"embeddable":true,"href":"https:\/\/bambapolitica.com.mx\/index.php\/wp-json\/wp\/v2\/comments?post=56575"}],"version-history":[{"count":2,"href":"https:\/\/bambapolitica.com.mx\/index.php\/wp-json\/wp\/v2\/posts\/56575\/revisions"}],"predecessor-version":[{"id":56619,"href":"https:\/\/bambapolitica.com.mx\/index.php\/wp-json\/wp\/v2\/posts\/56575\/revisions\/56619"}],"wp:featuredmedia":[{"embeddable":true,"href":"https:\/\/bambapolitica.com.mx\/index.php\/wp-json\/wp\/v2\/media\/56576"}],"wp:attachment":[{"href":"https:\/\/bambapolitica.com.mx\/index.php\/wp-json\/wp\/v2\/media?parent=56575"}],"wp:term":[{"taxonomy":"category","embeddable":true,"href":"https:\/\/bambapolitica.com.mx\/index.php\/wp-json\/wp\/v2\/categories?post=56575"},{"taxonomy":"post_tag","embeddable":true,"href":"https:\/\/bambapolitica.com.mx\/index.php\/wp-json\/wp\/v2\/tags?post=56575"}],"curies":[{"name":"wp","href":"https:\/\/api.w.org\/{rel}","templated":true}]}}