{"id":56581,"date":"2023-02-14T11:33:15","date_gmt":"2023-02-14T17:33:15","guid":{"rendered":"http:\/\/bambapolitica.com.mx\/?p=56581"},"modified":"2023-02-15T11:49:55","modified_gmt":"2023-02-15T17:49:55","slug":"trudeau-advierte-que-canada-seguira-derribando-ovnis-en-su-espacio","status":"publish","type":"post","link":"https:\/\/bambapolitica.com.mx\/index.php\/2023\/02\/14\/trudeau-advierte-que-canada-seguira-derribando-ovnis-en-su-espacio\/","title":{"rendered":"Trudeau advierte que Canad\u00e1 seguir\u00e1 derribando ovnis en su espacio"},"content":{"rendered":"\n<p>Mi\u00e9rcoles, 15 de Febrero 2023<\/p>\n\n\n\n<p>Trudeau advirti\u00f3 que Canad\u00e1 seguir\u00e1 actuando contra objetos voladores no identificados en su espacio a\u00e9reo para garantizar la \u201cseguridad\u201d de la aviaci\u00f3n<br>El primer ministro canadiense, Justin Trudeau, advirti\u00f3 que Canad\u00e1 seguir\u00e1 actuando contra objetos voladores no identificados (ovnis) en su espacio a\u00e9reo para garantizar la \u201cseguridad\u201d de la aviaci\u00f3n y de la poblaci\u00f3n canadiense.<\/p>\n\n\n\n<p>Trudeau declar\u00f3 desde Whitehorse, la capital del territorio de Yukon donde un avi\u00f3n de combate estadounidense derrib\u00f3 un objeto que entr\u00f3 en el espacio a\u00e9reo canadiense, que equipos canadienses siguen buscando los restos del artefacto.<\/p>\n\n\n\n<p>El primer ministro canadiense a\u00f1adi\u00f3 que es necesario recuperar y analizar los restos del objeto para tener m\u00e1s informaci\u00f3n sobre su procedencia y misi\u00f3n.<\/p>\n\n\n\n<p>\u201cNos lo tomamos muy en serio\u201d, dijo sobre la serie de artefactos voladores no identificados detectados en los \u00faltimos d\u00edas en Norteam\u00e9rica.<\/p>\n\n\n\n<p>Trudeau tambi\u00e9n se\u00f1al\u00f3 Canad\u00e1 est\u00e1 utilizando canales diplom\u00e1ticos para obtener m\u00e1s informaci\u00f3n sobre ellos.<\/p>\n\n\n\n<p>El domingo, Estados Unidos derrib\u00f3 otro objeto que volaba sobre el lago Huron, en la frontera con Canad\u00e1, el cuarto neutralizado desde que el 4 de febrero aviones de combate estadounidenses abatieron un globo chino frente a las costas de Carolina del Norte (EE.UU.)<\/p>\n\n\n\n<p>El domingo, el Departamento de Defensa estadounidense afirm\u00f3 desconocer el origen de los tres artefactos derribados en los \u00faltimos tres d\u00edas en Estados Unidos y Canad\u00e1 y no puede confirmar a\u00fan si son chinos como el globo esp\u00eda abatido en Carolina del Norte.<\/p>\n","protected":false},"excerpt":{"rendered":"<p>Mi\u00e9rcoles, 15 de Febrero 2023 Trudeau advirti\u00f3 que Canad\u00e1 seguir\u00e1 actuando contra objetos voladores no&#8230;<\/p>\n","protected":false},"author":3,"featured_media":56582,"comment_status":"closed","ping_status":"closed","sticky":false,"template":"","format":"standard","meta":{"footnotes":""},"categories":[5],"tags":[],"class_list":["post-56581","post","type-post","status-publish","format-standard","has-post-thumbnail","hentry","category-internacional"],"_links":{"self":[{"href":"https:\/\/bambapolitica.com.mx\/index.php\/wp-json\/wp\/v2\/posts\/56581","targetHints":{"allow":["GET"]}}],"collection":[{"href":"https:\/\/bambapolitica.com.mx\/index.php\/wp-json\/wp\/v2\/posts"}],"about":[{"href":"https:\/\/bambapolitica.com.mx\/index.php\/wp-json\/wp\/v2\/types\/post"}],"author":[{"embeddable":true,"href":"https:\/\/bambapolitica.com.mx\/index.php\/wp-json\/wp\/v2\/users\/3"}],"replies":[{"embeddable":true,"href":"https:\/\/bambapolitica.com.mx\/index.php\/wp-json\/wp\/v2\/comments?post=56581"}],"version-history":[{"count":2,"href":"https:\/\/bambapolitica.com.mx\/index.php\/wp-json\/wp\/v2\/posts\/56581\/revisions"}],"predecessor-version":[{"id":56609,"href":"https:\/\/bambapolitica.com.mx\/index.php\/wp-json\/wp\/v2\/posts\/56581\/revisions\/56609"}],"wp:featuredmedia":[{"embeddable":true,"href":"https:\/\/bambapolitica.com.mx\/index.php\/wp-json\/wp\/v2\/media\/56582"}],"wp:attachment":[{"href":"https:\/\/bambapolitica.com.mx\/index.php\/wp-json\/wp\/v2\/media?parent=56581"}],"wp:term":[{"taxonomy":"category","embeddable":true,"href":"https:\/\/bambapolitica.com.mx\/index.php\/wp-json\/wp\/v2\/categories?post=56581"},{"taxonomy":"post_tag","embeddable":true,"href":"https:\/\/bambapolitica.com.mx\/index.php\/wp-json\/wp\/v2\/tags?post=56581"}],"curies":[{"name":"wp","href":"https:\/\/api.w.org\/{rel}","templated":true}]}}