{"id":56644,"date":"2023-02-16T08:54:48","date_gmt":"2023-02-16T14:54:48","guid":{"rendered":"http:\/\/bambapolitica.com.mx\/?p=56644"},"modified":"2023-02-16T08:54:50","modified_gmt":"2023-02-16T14:54:50","slug":"ople-y-teev-resolveran-si-eric-cisneros-es-culpable-de-violencia-politica-de-genero-y-queda-inhabilitado-para-contender-en-2024","status":"publish","type":"post","link":"https:\/\/bambapolitica.com.mx\/index.php\/2023\/02\/16\/ople-y-teev-resolveran-si-eric-cisneros-es-culpable-de-violencia-politica-de-genero-y-queda-inhabilitado-para-contender-en-2024\/","title":{"rendered":"OPLE Y TEEV RESOLVER\u00c1N SI ERIC CISNEROS ES CULPABLE DE VIOLENCIA POL\u00cdTICA DE G\u00c9NERO Y QUEDA INHABILITADO PARA CONTENDER EN 2024"},"content":{"rendered":"\n<p>Jueves, 16 de febrero de 2023<\/p>\n\n\n\n<p>Luego de que la Sala Superior del Tribunal Electoral del Poder Judicial de la Federaci\u00f3n envi\u00f3 el engrose del expediente, corresponder\u00e1 al Organismo P\u00fablico Local Electoral (OPLE) emitir un posicionamiento sobre la queja de la diputada Ruth Callejas Rold\u00e1n en contra del secretario de Gobierno, Eric Patrocinio Cisneros Burgos, acusado por la legisladora de violencia pol\u00edtica de g\u00e9nero. <\/p>\n\n\n\n<p>En el expediente se precisa que el OPLE habr\u00e1 de pronunciarse al respecto y enviar tal propuesta al Tribunal Estatal Electoral de Veracruz, el cual podr\u00e1 pronunciarse a favor o en contra. Sobre este tema, la diputada local de Movimiento Ciudadano, Ruth Callejas, acus\u00f3 a Cisneros Burgos de violencia pol\u00edtica, y pidi\u00f3 al Organismo P\u00fablico Local Electoral (OPLE) que proceda y sancione al funcionario con todo el peso de la Ley. La legisladora dijo que espera que lo anoten en el registro de personas Sancionadas por Violencia y, en consecuencia, quedar\u00e1 inhabilitado para participar en el proceso electoral siguiente. El documento se\u00f1ala que en la comparecencia ante la Legislatura del Congreso de Veracruz el pasado 19 de noviembre, el secretario de Gobierno al responder algunas preguntas que le formul\u00f3 la diputada, realiz\u00f3 expresiones constitutivas de violencia pol\u00edtica en raz\u00f3n de g\u00e9nero en su contra, lo cual, aduce, vulner\u00f3 su derecho al desempe\u00f1o del cargo. Posteriormente, la Sala Superior del Tribunal Electoral del Poder Judicial de la Federaci\u00f3n le dio la raz\u00f3n a la diputada de MC y, en sesi\u00f3n p\u00fablica el pasado 8 de febrero, el pleno design\u00f3 a la Magistrada Janine M. Ot\u00e1lora Malassis para la elaboraci\u00f3n del engrose correspondiente. &#8220;Las expresiones que se denuncian se emitieron en el contexto de cuestionamientos realizados por la legisladora en el ejercicio de su encargo, por lo que la autoridad debe valorar los hechos denunciados a fin de valorar las circunstancias que le rodean y determinar si se configura la violencia pol\u00edtica en raz\u00f3n de g\u00e9nero que la parte actora estima aconteci\u00f3&#8221;. &#8220;Se advierte que la actora promovi\u00f3 juicio de la ciudadan\u00eda directamente ante la instancia local, lo cierto es que se trata de una aut\u00e9ntica denuncia, porque su pretensi\u00f3n es que se sancione a la persona denunciada. <\/p>\n\n\n\n<p>De ah\u00ed que la v\u00eda conducente para conocer de los hechos objeto de la denuncia es el procedimiento especial sancionador, por tanto, a fin de garantizar una justicia r\u00e1pida y efectiva, se ordena la remisi\u00f3n al Organismo P\u00fablico Local Electoral por ser el competente para sustanciar dicho procedimiento&#8221;, se\u00f1al\u00f3 el documento entregado al OPLE.<\/p>\n","protected":false},"excerpt":{"rendered":"<p>Jueves, 16 de febrero de 2023 Luego de que la Sala Superior del Tribunal Electoral&#8230;<\/p>\n","protected":false},"author":3,"featured_media":56645,"comment_status":"closed","ping_status":"closed","sticky":false,"template":"","format":"standard","meta":{"footnotes":""},"categories":[4],"tags":[],"class_list":["post-56644","post","type-post","status-publish","format-standard","has-post-thumbnail","hentry","category-noticias-del-dia"],"_links":{"self":[{"href":"https:\/\/bambapolitica.com.mx\/index.php\/wp-json\/wp\/v2\/posts\/56644","targetHints":{"allow":["GET"]}}],"collection":[{"href":"https:\/\/bambapolitica.com.mx\/index.php\/wp-json\/wp\/v2\/posts"}],"about":[{"href":"https:\/\/bambapolitica.com.mx\/index.php\/wp-json\/wp\/v2\/types\/post"}],"author":[{"embeddable":true,"href":"https:\/\/bambapolitica.com.mx\/index.php\/wp-json\/wp\/v2\/users\/3"}],"replies":[{"embeddable":true,"href":"https:\/\/bambapolitica.com.mx\/index.php\/wp-json\/wp\/v2\/comments?post=56644"}],"version-history":[{"count":1,"href":"https:\/\/bambapolitica.com.mx\/index.php\/wp-json\/wp\/v2\/posts\/56644\/revisions"}],"predecessor-version":[{"id":56646,"href":"https:\/\/bambapolitica.com.mx\/index.php\/wp-json\/wp\/v2\/posts\/56644\/revisions\/56646"}],"wp:featuredmedia":[{"embeddable":true,"href":"https:\/\/bambapolitica.com.mx\/index.php\/wp-json\/wp\/v2\/media\/56645"}],"wp:attachment":[{"href":"https:\/\/bambapolitica.com.mx\/index.php\/wp-json\/wp\/v2\/media?parent=56644"}],"wp:term":[{"taxonomy":"category","embeddable":true,"href":"https:\/\/bambapolitica.com.mx\/index.php\/wp-json\/wp\/v2\/categories?post=56644"},{"taxonomy":"post_tag","embeddable":true,"href":"https:\/\/bambapolitica.com.mx\/index.php\/wp-json\/wp\/v2\/tags?post=56644"}],"curies":[{"name":"wp","href":"https:\/\/api.w.org\/{rel}","templated":true}]}}