{"id":56653,"date":"2023-02-16T09:04:31","date_gmt":"2023-02-16T15:04:31","guid":{"rendered":"http:\/\/bambapolitica.com.mx\/?p=56653"},"modified":"2023-02-16T09:04:32","modified_gmt":"2023-02-16T15:04:32","slug":"cae-en-morelos-igor-presunto-secuestrador-y-homicida","status":"publish","type":"post","link":"https:\/\/bambapolitica.com.mx\/index.php\/2023\/02\/16\/cae-en-morelos-igor-presunto-secuestrador-y-homicida\/","title":{"rendered":"Cae en Morelos \u2018Igor\u2019, presunto secuestrador y homicida"},"content":{"rendered":"\n<p>Jueves, 16 de febrero de 2023<\/p>\n\n\n\n<p>\u2018Igor\u2019 pertenece a \u2018Los Cocoyotlos\u2019, una banda criminal dedicada al secuestro, entre otras actividades criminales en Morelos<\/p>\n\n\n\n<p><br>La Fiscal\u00eda de Morelos confirm\u00f3 la detenci\u00f3n en Coatl\u00e1n del R\u00edo de Felipe de Sarug \u2018N\u2019, alias \u2018Igor\u2018, presunto miembro de \u2018Los Cocoyotlos\u2018, buscado por el delito de secuestro agravado y homicidio.<\/p>\n\n\n\n<p>El sujeto fue detenido en un operativo en colaboraci\u00f3n con fuerzas estatales y federales, evitando su huida. El presunto delincuente se encuentra en las instalaciones de la Fiscal\u00eda General del Estado de Morelos (FGE) para su certificaci\u00f3n m\u00e9dica y posterior ingreso al Centro Penitenciario de Jojutla en donde esperar\u00e1 su audiencia inicial.<\/p>\n\n\n\n<p><br>Felipe de Sarug \u2018N\u2019 es investigado por un secuestro perpetrado en junio de 2022 en la colonia Centro de Coatl\u00e1n del R\u00edo.<\/p>\n\n\n\n<p>Por ese hecho, se implement\u00f3 un fuerte operativo en el que se catearon 17 domicilios, donde fueron detenidos ocho adultos y un adolescente, adem\u00e1s de que se asegur\u00f3 un arsenal, droga y veh\u00edculos.<\/p>\n\n\n\n<p>La Fiscal\u00eda detall\u00f3 que a la c\u00e9lula de \u2018Los Cocoyotlos\u2018 pertenec\u00eda tambi\u00e9n Cagnoli \u2018N\u2019, alias \u2018Cano\u2018, actualmente recluido en el Centro Penitenciario de Jojutla, imputado por los mismos hechos.<br>La banda, que tom\u00f3 su nombre derivado del poblado de Cocoyotla, en Coatl\u00e1n del R\u00edo, cre\u00f3 a \u2018Los Capetos\u2019, quienes se dedicaban al secuestro. No obstante, se fraccionaron tras entrar en pugna por cuestiones de dinero.<\/p>\n\n\n\n<p>\u2018Los Capetos\u2019 tambi\u00e9n operaban en Coatl\u00e1n del R\u00edo, en ese entonces liderados por<br>Ulises \u2018N\u2019, alias \u2018Pel\u00f3n\u2019, detenido hace unas semanas en el Estado de M\u00e9xico y<br>desarticulados por la FIDAI.<\/p>\n","protected":false},"excerpt":{"rendered":"<p>Jueves, 16 de febrero de 2023 \u2018Igor\u2019 pertenece a \u2018Los Cocoyotlos\u2019, una banda criminal dedicada&#8230;<\/p>\n","protected":false},"author":3,"featured_media":56654,"comment_status":"closed","ping_status":"closed","sticky":false,"template":"","format":"standard","meta":{"footnotes":""},"categories":[2],"tags":[],"class_list":["post-56653","post","type-post","status-publish","format-standard","has-post-thumbnail","hentry","category-policiaca"],"_links":{"self":[{"href":"https:\/\/bambapolitica.com.mx\/index.php\/wp-json\/wp\/v2\/posts\/56653","targetHints":{"allow":["GET"]}}],"collection":[{"href":"https:\/\/bambapolitica.com.mx\/index.php\/wp-json\/wp\/v2\/posts"}],"about":[{"href":"https:\/\/bambapolitica.com.mx\/index.php\/wp-json\/wp\/v2\/types\/post"}],"author":[{"embeddable":true,"href":"https:\/\/bambapolitica.com.mx\/index.php\/wp-json\/wp\/v2\/users\/3"}],"replies":[{"embeddable":true,"href":"https:\/\/bambapolitica.com.mx\/index.php\/wp-json\/wp\/v2\/comments?post=56653"}],"version-history":[{"count":1,"href":"https:\/\/bambapolitica.com.mx\/index.php\/wp-json\/wp\/v2\/posts\/56653\/revisions"}],"predecessor-version":[{"id":56655,"href":"https:\/\/bambapolitica.com.mx\/index.php\/wp-json\/wp\/v2\/posts\/56653\/revisions\/56655"}],"wp:featuredmedia":[{"embeddable":true,"href":"https:\/\/bambapolitica.com.mx\/index.php\/wp-json\/wp\/v2\/media\/56654"}],"wp:attachment":[{"href":"https:\/\/bambapolitica.com.mx\/index.php\/wp-json\/wp\/v2\/media?parent=56653"}],"wp:term":[{"taxonomy":"category","embeddable":true,"href":"https:\/\/bambapolitica.com.mx\/index.php\/wp-json\/wp\/v2\/categories?post=56653"},{"taxonomy":"post_tag","embeddable":true,"href":"https:\/\/bambapolitica.com.mx\/index.php\/wp-json\/wp\/v2\/tags?post=56653"}],"curies":[{"name":"wp","href":"https:\/\/api.w.org\/{rel}","templated":true}]}}