{"id":56656,"date":"2023-02-16T09:09:53","date_gmt":"2023-02-16T15:09:53","guid":{"rendered":"http:\/\/bambapolitica.com.mx\/?p=56656"},"modified":"2023-02-16T09:09:54","modified_gmt":"2023-02-16T15:09:54","slug":"detienen-a-sujeto-que-quemo-a-su-hermana-en-ecatepec","status":"publish","type":"post","link":"https:\/\/bambapolitica.com.mx\/index.php\/2023\/02\/16\/detienen-a-sujeto-que-quemo-a-su-hermana-en-ecatepec\/","title":{"rendered":"Detienen a Sujeto que Quem\u00f3 a su Hermana en Ecatepec"},"content":{"rendered":"\n<p>Jueves, 16 de febrero de 2023<\/p>\n\n\n\n<p>El pasado 4 de febrero, Jonathan &#8216;N&#8217; arroj\u00f3 combustible a una de sus hermanas y luego le prendi\u00f3 fuego<br>Elementos de la Fiscal\u00eda General de Justicia del Estado de M\u00e9xico (FGJEM) detuvieron a Jonathan &#8216;N&#8217;, el sujeto que el pasado 4 de febrero presuntamente arroj\u00f3 gasolina a su hermana para luego prenderle fuego.<\/p>\n\n\n\n<p><br>Por estos hechos, ocurridos en el municipio de Ecatepec, Jonathan es acusado del delito de feminicidio en grado de tentativa.<\/p>\n\n\n\n<p>De acuerdo con los datos recabados por la polic\u00eda de investigaci\u00f3n, el implicado arroj\u00f3 combustible a una de sus hermanas y luego le prendi\u00f3 fuego, por lo que derivado de esta agresi\u00f3n, la v\u00edctima sufri\u00f3 quemaduras en diversas partes del cuerpo, por lo que fue trasladada a un hospital donde recibi\u00f3 atenci\u00f3n m\u00e9dica.<\/p>\n\n\n\n<p>En tanto, la Fiscal\u00eda dio inicio a las investigaciones respectivas para el esclarecimiento de este il\u00edcito ocurrido en la colonia San Isidro Atlautenco.<\/p>\n\n\n\n<p>Tras recabar datos en contra del sujeto, el Agente del Ministerio P\u00fablico solicit\u00f3 una orden de aprehensi\u00f3n en su contra, la cual fue concedida.<\/p>\n\n\n\n<p>Jonathan &#8216;N&#8217; fue detenido y trasladado al Centro Penitenciario y de Reinserci\u00f3n Social de Ecatepec, donde un juez de control determinar\u00e1 su situaci\u00f3n legal y probable relaci\u00f3n con la comisi\u00f3n de este delito.<\/p>\n","protected":false},"excerpt":{"rendered":"<p>Jueves, 16 de febrero de 2023 El pasado 4 de febrero, Jonathan &#8216;N&#8217; arroj\u00f3 combustible&#8230;<\/p>\n","protected":false},"author":3,"featured_media":56657,"comment_status":"closed","ping_status":"closed","sticky":false,"template":"","format":"standard","meta":{"footnotes":""},"categories":[2],"tags":[],"class_list":["post-56656","post","type-post","status-publish","format-standard","has-post-thumbnail","hentry","category-policiaca"],"_links":{"self":[{"href":"https:\/\/bambapolitica.com.mx\/index.php\/wp-json\/wp\/v2\/posts\/56656","targetHints":{"allow":["GET"]}}],"collection":[{"href":"https:\/\/bambapolitica.com.mx\/index.php\/wp-json\/wp\/v2\/posts"}],"about":[{"href":"https:\/\/bambapolitica.com.mx\/index.php\/wp-json\/wp\/v2\/types\/post"}],"author":[{"embeddable":true,"href":"https:\/\/bambapolitica.com.mx\/index.php\/wp-json\/wp\/v2\/users\/3"}],"replies":[{"embeddable":true,"href":"https:\/\/bambapolitica.com.mx\/index.php\/wp-json\/wp\/v2\/comments?post=56656"}],"version-history":[{"count":1,"href":"https:\/\/bambapolitica.com.mx\/index.php\/wp-json\/wp\/v2\/posts\/56656\/revisions"}],"predecessor-version":[{"id":56658,"href":"https:\/\/bambapolitica.com.mx\/index.php\/wp-json\/wp\/v2\/posts\/56656\/revisions\/56658"}],"wp:featuredmedia":[{"embeddable":true,"href":"https:\/\/bambapolitica.com.mx\/index.php\/wp-json\/wp\/v2\/media\/56657"}],"wp:attachment":[{"href":"https:\/\/bambapolitica.com.mx\/index.php\/wp-json\/wp\/v2\/media?parent=56656"}],"wp:term":[{"taxonomy":"category","embeddable":true,"href":"https:\/\/bambapolitica.com.mx\/index.php\/wp-json\/wp\/v2\/categories?post=56656"},{"taxonomy":"post_tag","embeddable":true,"href":"https:\/\/bambapolitica.com.mx\/index.php\/wp-json\/wp\/v2\/tags?post=56656"}],"curies":[{"name":"wp","href":"https:\/\/api.w.org\/{rel}","templated":true}]}}