{"id":56659,"date":"2023-02-16T09:21:20","date_gmt":"2023-02-16T15:21:20","guid":{"rendered":"http:\/\/bambapolitica.com.mx\/?p=56659"},"modified":"2023-02-16T09:21:22","modified_gmt":"2023-02-16T15:21:22","slug":"detienen-a-seis-presuntos-integrantes-de-una-banda-de-secuestradores-de-mujeres-en-jalisco","status":"publish","type":"post","link":"https:\/\/bambapolitica.com.mx\/index.php\/2023\/02\/16\/detienen-a-seis-presuntos-integrantes-de-una-banda-de-secuestradores-de-mujeres-en-jalisco\/","title":{"rendered":"Detienen a seis presuntos integrantes de una banda de secuestradores de mujeres en Jalisco"},"content":{"rendered":"\n<p>Jueves, 16 de febrero de 2023<\/p>\n\n\n\n<p>Los detenidos son sospechosos del secuestro de dos mujeres que fueron rescatadas con vida.<br>La Fiscal\u00eda de Jalisco inform\u00f3 sobre la detenci\u00f3n de seis personas, sospechosas de pertenecer a una banda que se dedica al secuestro de mujeres en Jalisco.<\/p>\n\n\n\n<p>Los detenidos son principales sospechosos del secuestro de dos mujeres, mismas que fueron rescatadas con vida gracias al operativo montado por la Unidad Especializada en Combate al Secuestro (UECS) en las inmediaciones de Zapopan y Tala.<\/p>\n\n\n\n<p><br>\u201cEn los l\u00edmites entre Zapopan y Tala, pasando la Venta del Astillero se ubicaron los veh\u00edculos de los posibles causantes dentro de los cuales en uno de ellos llevaban secuestradas a las v\u00edctimas, por lo que una vez interceptados dichos veh\u00edculos los ocupantes agredieron con disparos de arma de fuego al personal de la Fiscal\u00eda repeliendo estos dicha agresi\u00f3n\u201d, inform\u00f3 el fiscal de Jalisco, Luis Joaqu\u00edn M\u00e9ndez.<br>Los detenidos son Sa\u00fal &#8216;N&#8217; de 31 a\u00f1os, Josu\u00e9 Jacob &#8216;N&#8217; de 18, Alan &#8216;N&#8217; de 34, Daniel Alejandro &#8216;N&#8217; de 31, Takechi Josu\u00e9 &#8216;N&#8217; de 37 y Francisco Javier &#8216;N&#8217; de 34, quienes en las pr\u00f3ximas horas ser\u00e1n puestos a disposici\u00f3n de un Juez de Control y Oralidad por su posible responsabilidad en el delito de secuestro agravado.<\/p>\n\n\n\n<p>Las mujeres fueron encontradas con algunas lesiones, sin embargo fueron trasladadas de inmediato a recibir atenci\u00f3n m\u00e9dica.<\/p>\n\n\n\n<p><br>En el operativo montado para rescatar a las mujeres con vida, donde tambi\u00e9n lograron detener a seis sospechosos, tambi\u00e9n les fueron aseguradas dos armas de fuego, tres veh\u00edculos y otros indicios que ya forman parte de la carpeta de investigaci\u00f3n.<\/p>\n","protected":false},"excerpt":{"rendered":"<p>Jueves, 16 de febrero de 2023 Los detenidos son sospechosos del secuestro de dos mujeres&#8230;<\/p>\n","protected":false},"author":3,"featured_media":56660,"comment_status":"closed","ping_status":"closed","sticky":false,"template":"","format":"standard","meta":{"footnotes":""},"categories":[2],"tags":[],"class_list":["post-56659","post","type-post","status-publish","format-standard","has-post-thumbnail","hentry","category-policiaca"],"_links":{"self":[{"href":"https:\/\/bambapolitica.com.mx\/index.php\/wp-json\/wp\/v2\/posts\/56659","targetHints":{"allow":["GET"]}}],"collection":[{"href":"https:\/\/bambapolitica.com.mx\/index.php\/wp-json\/wp\/v2\/posts"}],"about":[{"href":"https:\/\/bambapolitica.com.mx\/index.php\/wp-json\/wp\/v2\/types\/post"}],"author":[{"embeddable":true,"href":"https:\/\/bambapolitica.com.mx\/index.php\/wp-json\/wp\/v2\/users\/3"}],"replies":[{"embeddable":true,"href":"https:\/\/bambapolitica.com.mx\/index.php\/wp-json\/wp\/v2\/comments?post=56659"}],"version-history":[{"count":1,"href":"https:\/\/bambapolitica.com.mx\/index.php\/wp-json\/wp\/v2\/posts\/56659\/revisions"}],"predecessor-version":[{"id":56661,"href":"https:\/\/bambapolitica.com.mx\/index.php\/wp-json\/wp\/v2\/posts\/56659\/revisions\/56661"}],"wp:featuredmedia":[{"embeddable":true,"href":"https:\/\/bambapolitica.com.mx\/index.php\/wp-json\/wp\/v2\/media\/56660"}],"wp:attachment":[{"href":"https:\/\/bambapolitica.com.mx\/index.php\/wp-json\/wp\/v2\/media?parent=56659"}],"wp:term":[{"taxonomy":"category","embeddable":true,"href":"https:\/\/bambapolitica.com.mx\/index.php\/wp-json\/wp\/v2\/categories?post=56659"},{"taxonomy":"post_tag","embeddable":true,"href":"https:\/\/bambapolitica.com.mx\/index.php\/wp-json\/wp\/v2\/tags?post=56659"}],"curies":[{"name":"wp","href":"https:\/\/api.w.org\/{rel}","templated":true}]}}