{"id":56662,"date":"2023-02-16T09:30:53","date_gmt":"2023-02-16T15:30:53","guid":{"rendered":"http:\/\/bambapolitica.com.mx\/?p=56662"},"modified":"2023-02-16T09:30:55","modified_gmt":"2023-02-16T15:30:55","slug":"putin-estudia-equiparar-a-familias-de-mercenarios-con-movilizados-y-soldados","status":"publish","type":"post","link":"https:\/\/bambapolitica.com.mx\/index.php\/2023\/02\/16\/putin-estudia-equiparar-a-familias-de-mercenarios-con-movilizados-y-soldados\/","title":{"rendered":"Putin estudia equiparar a familias de mercenarios con movilizados y soldados"},"content":{"rendered":"\n<p>Jueves, 16 de febrero de 2023<\/p>\n\n\n\n<p>El grupo Wagner denuncia el escaso reconocimiento que reciben sus mercenarios por parte del Ministerio de Defensa de Rusia<\/p>\n\n\n\n<p><br>El presidente ruso, Vladimir Putin, se mostr\u00f3 dispuesto a equiparar a las familias de los mercenarios que combaten en Ucrania en las filas de compa\u00f1\u00edas militares privadas con las de soldados profesionales y reservistas movilizados.<\/p>\n\n\n\n<p>\u201cAhora estamos estudiando ese asunto\u201d, coment\u00f3 Putin al reunirse en el Kremlin con la defensora de los derechos del ni\u00f1o, Mar\u00eda Lvova-Belova.<\/p>\n\n\n\n<p>La defensora record\u00f3 que las familias de los mercenarios de grupos como Wagner no reciben subsidios sociales, por ejemplo, en caso de muerte en acci\u00f3n.<\/p>\n\n\n\n<p>\u201cLos voluntarios, aquellos que firmaron contratos y los que fueron en el marco de la movilizaci\u00f3n cumplen un deber sagrado con la patria. Al respecto, todos son iguales ante la patria\u201d, destac\u00f3 Putin.<\/p>\n\n\n\n<p>Subray\u00f3 que, en lo que se refiere a las garant\u00edas sociales, \u201ctodos deben estar en la misma situaci\u00f3n\u201d.<\/p>\n\n\n\n<p>El fundador de Wagner, Yevgueni Prigozhin, ha denunciado en numerosas ocasiones el escaso reconocimiento que reciben los mercenarios del grupo por parte del Ministerio de Defensa, cuyas t\u00e1cticas y exceso de burocracia no ha dudado en criticar.<\/p>\n\n\n\n<p>Los blogueros han acusado a Defensa de intentar minimizar las victorias de Wagner en el campo de batalla, donde en los \u00faltimos meses han tomado varias localidades, en su mayor\u00eda en la regi\u00f3n de Donetsk, algo que no ha podido lograr el ej\u00e9rcito regular.<\/p>\n\n\n\n<p>Por el momento, Putin ha resistido las peticiones de pol\u00edticos nacionalistas para reconocer por ley la figura de las compa\u00f1\u00edas militares privadas.<\/p>\n","protected":false},"excerpt":{"rendered":"<p>Jueves, 16 de febrero de 2023 El grupo Wagner denuncia el escaso reconocimiento que reciben&#8230;<\/p>\n","protected":false},"author":3,"featured_media":56663,"comment_status":"closed","ping_status":"closed","sticky":false,"template":"","format":"standard","meta":{"footnotes":""},"categories":[5],"tags":[],"class_list":["post-56662","post","type-post","status-publish","format-standard","has-post-thumbnail","hentry","category-internacional"],"_links":{"self":[{"href":"https:\/\/bambapolitica.com.mx\/index.php\/wp-json\/wp\/v2\/posts\/56662","targetHints":{"allow":["GET"]}}],"collection":[{"href":"https:\/\/bambapolitica.com.mx\/index.php\/wp-json\/wp\/v2\/posts"}],"about":[{"href":"https:\/\/bambapolitica.com.mx\/index.php\/wp-json\/wp\/v2\/types\/post"}],"author":[{"embeddable":true,"href":"https:\/\/bambapolitica.com.mx\/index.php\/wp-json\/wp\/v2\/users\/3"}],"replies":[{"embeddable":true,"href":"https:\/\/bambapolitica.com.mx\/index.php\/wp-json\/wp\/v2\/comments?post=56662"}],"version-history":[{"count":1,"href":"https:\/\/bambapolitica.com.mx\/index.php\/wp-json\/wp\/v2\/posts\/56662\/revisions"}],"predecessor-version":[{"id":56664,"href":"https:\/\/bambapolitica.com.mx\/index.php\/wp-json\/wp\/v2\/posts\/56662\/revisions\/56664"}],"wp:featuredmedia":[{"embeddable":true,"href":"https:\/\/bambapolitica.com.mx\/index.php\/wp-json\/wp\/v2\/media\/56663"}],"wp:attachment":[{"href":"https:\/\/bambapolitica.com.mx\/index.php\/wp-json\/wp\/v2\/media?parent=56662"}],"wp:term":[{"taxonomy":"category","embeddable":true,"href":"https:\/\/bambapolitica.com.mx\/index.php\/wp-json\/wp\/v2\/categories?post=56662"},{"taxonomy":"post_tag","embeddable":true,"href":"https:\/\/bambapolitica.com.mx\/index.php\/wp-json\/wp\/v2\/tags?post=56662"}],"curies":[{"name":"wp","href":"https:\/\/api.w.org\/{rel}","templated":true}]}}