{"id":56665,"date":"2023-02-16T09:34:21","date_gmt":"2023-02-16T15:34:21","guid":{"rendered":"http:\/\/bambapolitica.com.mx\/?p=56665"},"modified":"2023-02-16T09:34:22","modified_gmt":"2023-02-16T15:34:22","slug":"cadena-perpetua-al-autor-de-la-matanza-racista-en-supermercado-de-buffalo","status":"publish","type":"post","link":"https:\/\/bambapolitica.com.mx\/index.php\/2023\/02\/16\/cadena-perpetua-al-autor-de-la-matanza-racista-en-supermercado-de-buffalo\/","title":{"rendered":"Cadena perpetua al autor de la matanza racista en supermercado de Buffalo"},"content":{"rendered":"\n<p>Jueves, 16 de febrero de 2023<\/p>\n\n\n\n<p>La audiencia de Payton Gendron, culpable del tiroteo en Buffalo, tuvo que frenarse porque un hombre se abalanz\u00f3 contra el acusado<br>El estadounidense Payton Gendron, autor de la matanza racista en un supermercado de Buffalo, al norte de Nueva York, en mayo del 2022, fue sentenciado hoy a cadena perpetua sin derecho a libertad condicional, en una sala atestada de familiares de las diez v\u00edctimas que lo escucharon pedir perd\u00f3n antes de la sentencia.<\/p>\n\n\n\n<p>Gendron, que reconoci\u00f3 que dispar\u00f3 contra sus v\u00edctimas \u201cporque eran negros\u201c, fue sentenciado por la jueza Susan Eagan a pasar el resto de su vida en prisi\u00f3n por el cargo de \u201cterrorismo dom\u00e9stico\u201d y diez cargos de asesinato en primer grado.<\/p>\n\n\n\n<p>\u201cNo volver\u00e1s a ver la luz del d\u00eda como hombre libre\u201c, dijo la jueza al dictar su sentencia de cadena perpetua.<br>Inicialmente, hab\u00eda sido acusado de 25 cargos que inclu\u00edan diez por asesinato, diez por asesinato como delito de odio y terrorismo dom\u00e9stico, as\u00ed como tres de intento de asesinato como crimen de odio y otro por posesi\u00f3n de armas, de los que se hab\u00eda declarado inocente, pero el pasado noviembre dio un giro para declararse culpable.<\/p>\n\n\n\n<p>El 14 de mayo de 2022 el atacante viaj\u00f3 varias horas hasta llegar al supermercado \u201cTops\u201d en Buffalo, y cuando sali\u00f3 de su veh\u00edculo estaba fuertemente armado con equipo t\u00e1ctico.<\/p>\n\n\n\n<p>Tambi\u00e9n llevaba puesto un casco militar y una c\u00e1mara que estaba transmitiendo en vivo lo que estaba haciendo en la plataforma Twitch, que pertenece a Amazon.<\/p>\n\n\n\n<p>En el estacionamiento del centro comercial dispar\u00f3 contra cuatro personas, de las cuales tres fallecieron, y luego entr\u00f3 al local, donde sigui\u00f3 disparando, hasta que finalmente acab\u00f3 con la vida de diez personas, en su mayor\u00eda negros, y tres personas resultaron heridas.<\/p>\n\n\n\n<p>A nivel federal enfrenta 26 acusaciones por cometer un crimen de odio que result\u00f3 en muerte y un crimen de odio que se tradujo en lesiones corporales (en el caso de los heridos) y tambi\u00e9n por el uso del arma, de los que se declar\u00f3 inocente.<\/p>\n\n\n\n<p>De acuerdo con lo se\u00f1alado hoy por el fiscal del distrito del condado de Erie, donde se realiz\u00f3 el proceso judicial, John Flynn, el ahora convicto ser\u00e1 entregado ma\u00f1ana a las autoridades federales que iniciar\u00e1n su proceso y luego se decidir\u00e1 si ser\u00e1 llevado a una c\u00e1rcel del estado de Nueva York o una federal para cumplir su sentencia.<\/p>\n\n\n\n<p>La condena se impuso hoy luego de que se escuchara a Gendron pedir perd\u00f3n por sus actos. \u201cEstoy muy arrepentido\u201c, dijo el joven, quien adem\u00e1s record\u00f3 que \u201cdispar\u00e9 y mat\u00e9 a personas porque eran negras\u201d en una emotiva audiencia que poco despu\u00e9s de comenzar tuvo que ser detenida cuando un hombre se abalanz\u00f3 sobre el acusado.<\/p>\n\n\n\n<p>\u201cNo sabes por lo que estamos pasando\u201c, le grit\u00f3 un hombre, que fue sacado del lugar por los oficiales de la corte.<\/p>\n\n\n\n<p>La jueza orden\u00f3 que el acusado fuera sacado de la sala en lo que se restablec\u00eda el orden.<\/p>\n\n\n\n<p>\u201cEl mundo dice que hay que perdonar para poder seguir adelante. Pero me presento ante ustedes hoy para decir que eso nunca suceder\u00e1\u201d, afirm\u00f3 por su parte Zeneta Everhart, cuyo hijo Zaire figura entre las v\u00edctimas.<\/p>\n\n\n\n<p>\u201cNo quiero que nadie se sienta inspirado por m\u00ed y lo que hice\u201d, afirm\u00f3 finalmente Gendron.<\/p>\n\n\n\n<p>Uno de sus abogados, Brian Parker, habl\u00f3 despu\u00e9s de Gendron y reconoci\u00f3 que \u201cel odio racista que motiv\u00f3 este crimen se difundi\u00f3 a trav\u00e9s de plataformas en l\u00ednea, y la violencia que se hizo posible se debi\u00f3 al f\u00e1cil acceso a las armas de asalto\u201d, se\u00f1alan medios locales.<\/p>\n","protected":false},"excerpt":{"rendered":"<p>Jueves, 16 de febrero de 2023 La audiencia de Payton Gendron, culpable del tiroteo en&#8230;<\/p>\n","protected":false},"author":3,"featured_media":56666,"comment_status":"closed","ping_status":"closed","sticky":false,"template":"","format":"standard","meta":{"footnotes":""},"categories":[5],"tags":[],"class_list":["post-56665","post","type-post","status-publish","format-standard","has-post-thumbnail","hentry","category-internacional"],"_links":{"self":[{"href":"https:\/\/bambapolitica.com.mx\/index.php\/wp-json\/wp\/v2\/posts\/56665","targetHints":{"allow":["GET"]}}],"collection":[{"href":"https:\/\/bambapolitica.com.mx\/index.php\/wp-json\/wp\/v2\/posts"}],"about":[{"href":"https:\/\/bambapolitica.com.mx\/index.php\/wp-json\/wp\/v2\/types\/post"}],"author":[{"embeddable":true,"href":"https:\/\/bambapolitica.com.mx\/index.php\/wp-json\/wp\/v2\/users\/3"}],"replies":[{"embeddable":true,"href":"https:\/\/bambapolitica.com.mx\/index.php\/wp-json\/wp\/v2\/comments?post=56665"}],"version-history":[{"count":1,"href":"https:\/\/bambapolitica.com.mx\/index.php\/wp-json\/wp\/v2\/posts\/56665\/revisions"}],"predecessor-version":[{"id":56667,"href":"https:\/\/bambapolitica.com.mx\/index.php\/wp-json\/wp\/v2\/posts\/56665\/revisions\/56667"}],"wp:featuredmedia":[{"embeddable":true,"href":"https:\/\/bambapolitica.com.mx\/index.php\/wp-json\/wp\/v2\/media\/56666"}],"wp:attachment":[{"href":"https:\/\/bambapolitica.com.mx\/index.php\/wp-json\/wp\/v2\/media?parent=56665"}],"wp:term":[{"taxonomy":"category","embeddable":true,"href":"https:\/\/bambapolitica.com.mx\/index.php\/wp-json\/wp\/v2\/categories?post=56665"},{"taxonomy":"post_tag","embeddable":true,"href":"https:\/\/bambapolitica.com.mx\/index.php\/wp-json\/wp\/v2\/tags?post=56665"}],"curies":[{"name":"wp","href":"https:\/\/api.w.org\/{rel}","templated":true}]}}