{"id":56671,"date":"2023-02-16T09:48:41","date_gmt":"2023-02-16T15:48:41","guid":{"rendered":"http:\/\/bambapolitica.com.mx\/?p=56671"},"modified":"2023-02-16T09:48:43","modified_gmt":"2023-02-16T15:48:43","slug":"amlo-no-nos-quiere-entregar-la-presidencia-de-la-alianza-del-pacifico-advierte-dina-boluarte","status":"publish","type":"post","link":"https:\/\/bambapolitica.com.mx\/index.php\/2023\/02\/16\/amlo-no-nos-quiere-entregar-la-presidencia-de-la-alianza-del-pacifico-advierte-dina-boluarte\/","title":{"rendered":"AMLO no nos quiere entregar la presidencia de la Alianza del Pac\u00edfico, advierte Dina Boluarte"},"content":{"rendered":"\n<p>Jueves, 16 de febrero de 2023<\/p>\n\n\n\n<p>Boluarte asegur\u00f3 que AMLO no quiere entregar la Presidencia pro Tempore de la Alianza del Pac\u00edfico, que le corresponde transferir este a\u00f1o a Per\u00fa<br>La mandataria peruana, Dina Boluarte, asegur\u00f3 que su hom\u00f3logo mexicano, Andr\u00e9s Manuel L\u00f3pez Obrador, no quiere entregar la Presidencia pro Tempore de la Alianza del Pac\u00edfico, que le corresponde transferir este a\u00f1o al pa\u00eds andino.<\/p>\n\n\n\n<p>\u201cEn enero de este a\u00f1o, Per\u00fa deb\u00eda haber asumido la Presidencia pro Tempore. Sin embargo, por esa situaci\u00f3n pol\u00edtica del presidente de M\u00e9xico, hasta ahora est\u00e1 perjudicando a los pueblos que comprenden la Alianza del Pac\u00edfico porque (\u2026) no nos quiere entregar la Presidencia pro Tempore de la Alianza del Pac\u00edfico\u201d, dijo Boluarte en una declaraci\u00f3n sin preguntas.<\/p>\n\n\n\n<p>A juicio de Boluarte, L\u00f3pez Obrador no quiere ceder el testigo del liderazgo del bloque, \u201csimplemente, por seguir apoyando al expresidente (Pedro Castillo) que dio el golpe y tiene carpetas fiscales\u201d en Per\u00fa.<\/p>\n\n\n\n<p>Tras el fallido autogolpe de Estado de Castillo, que fue destituido posteriormente por el Congreso peruano, L\u00f3pez Obrador ha criticado en diversas ocasiones a Boluarte y se ha negado a reconocerla como mandataria peruana.<\/p>\n\n\n\n<p>Tambi\u00e9n ha concedido el asilo a la esposa del expresidente peruano, Lilia Paredes, y a sus hijos.<\/p>\n\n\n\n<p>Ante esa situaci\u00f3n, el Gobierno peruano declar\u00f3 persona non grata y expuls\u00f3 al embajador mexicano en Lima, Pablo Monroy, lo que ha generado una fricci\u00f3n diplom\u00e1tica entre los dos pa\u00edses.<\/p>\n\n\n\n<p>\u201cQueremos decirle al presidente AMLO (por Andr\u00e9s Manuel L\u00f3pez Obrador) que un tema pol\u00edtico es un tema pol\u00edtico, pero un tema del desarrollo de los pueblos a trav\u00e9s las alianzas es tan importante para el desarrollo de nuestros pueblos\u201d, subray\u00f3 Boluarte.<\/p>\n","protected":false},"excerpt":{"rendered":"<p>Jueves, 16 de febrero de 2023 Boluarte asegur\u00f3 que AMLO no quiere entregar la Presidencia&#8230;<\/p>\n","protected":false},"author":3,"featured_media":56672,"comment_status":"closed","ping_status":"closed","sticky":false,"template":"","format":"standard","meta":{"footnotes":""},"categories":[5],"tags":[],"class_list":["post-56671","post","type-post","status-publish","format-standard","has-post-thumbnail","hentry","category-internacional"],"_links":{"self":[{"href":"https:\/\/bambapolitica.com.mx\/index.php\/wp-json\/wp\/v2\/posts\/56671","targetHints":{"allow":["GET"]}}],"collection":[{"href":"https:\/\/bambapolitica.com.mx\/index.php\/wp-json\/wp\/v2\/posts"}],"about":[{"href":"https:\/\/bambapolitica.com.mx\/index.php\/wp-json\/wp\/v2\/types\/post"}],"author":[{"embeddable":true,"href":"https:\/\/bambapolitica.com.mx\/index.php\/wp-json\/wp\/v2\/users\/3"}],"replies":[{"embeddable":true,"href":"https:\/\/bambapolitica.com.mx\/index.php\/wp-json\/wp\/v2\/comments?post=56671"}],"version-history":[{"count":1,"href":"https:\/\/bambapolitica.com.mx\/index.php\/wp-json\/wp\/v2\/posts\/56671\/revisions"}],"predecessor-version":[{"id":56673,"href":"https:\/\/bambapolitica.com.mx\/index.php\/wp-json\/wp\/v2\/posts\/56671\/revisions\/56673"}],"wp:featuredmedia":[{"embeddable":true,"href":"https:\/\/bambapolitica.com.mx\/index.php\/wp-json\/wp\/v2\/media\/56672"}],"wp:attachment":[{"href":"https:\/\/bambapolitica.com.mx\/index.php\/wp-json\/wp\/v2\/media?parent=56671"}],"wp:term":[{"taxonomy":"category","embeddable":true,"href":"https:\/\/bambapolitica.com.mx\/index.php\/wp-json\/wp\/v2\/categories?post=56671"},{"taxonomy":"post_tag","embeddable":true,"href":"https:\/\/bambapolitica.com.mx\/index.php\/wp-json\/wp\/v2\/tags?post=56671"}],"curies":[{"name":"wp","href":"https:\/\/api.w.org\/{rel}","templated":true}]}}