{"id":56867,"date":"2023-02-22T11:46:41","date_gmt":"2023-02-22T17:46:41","guid":{"rendered":"http:\/\/bambapolitica.com.mx\/?p=56867"},"modified":"2023-02-22T11:46:44","modified_gmt":"2023-02-22T17:46:44","slug":"atropellan-a-abuelito-que-iba-en-su-bicicleta-por-lena-murio-tras-impacto","status":"publish","type":"post","link":"https:\/\/bambapolitica.com.mx\/index.php\/2023\/02\/22\/atropellan-a-abuelito-que-iba-en-su-bicicleta-por-lena-murio-tras-impacto\/","title":{"rendered":"Atropellan a abuelito que iba en su bicicleta por le\u00f1a; muri\u00f3 tras impacto"},"content":{"rendered":"\n<p>Mi\u00e9rcoles, 22 de febrero del 2023<\/p>\n\n\n\n<p>Marcos de 74 a\u00f1os, iba en su bicicleta tras haber recogido le\u00f1a, cuando fue golpeado por un veh\u00edculo a la altura del ejido Santa Amalia.<br>Un abuelito ciclista muri\u00f3 tras ser arrollado por un autom\u00f3vil, al parecer del transporte p\u00fablico, que se dio a la fuga, sobre la carretera Tampico-Mante.<\/p>\n\n\n\n<p>Los hechos ocurrieron a las 9:50 de la ma\u00f1ana, cuando el hombre identificado como Marcos de 74 a\u00f1os, iba circulando en su bicicleta tras haber recogido le\u00f1a, cuando fue golpeado por un veh\u00edculo a la altura del ejido Santa Amalia.<br>Sali\u00f3 volando tras el impacto<br>Su cuerpo sali\u00f3 volando junto con su peque\u00f1a unidad, para quedar tendido sobre la carretera, casi a un costado del camell\u00f3n central.<\/p>\n\n\n\n<p>Varias personas vieron el accidente, un conductor indic\u00f3 que el responsable hab\u00eda sido un carro de ruta &#8220;Altamira Santa Amalia&#8221;, sin embargo las autoridades est\u00e1n investigando el caso para tratar de dar con la identidad del conductor.<\/p>\n\n\n\n<p>Al sitio arrib\u00f3 una ambulancia de Protecci\u00f3n Civil Regional, que intent\u00f3 reanimar al se\u00f1or, sin embargo, este ya no contaba con signos vitales, as\u00ed que se dio aviso a la Polic\u00eda Investigadora para que tomara conocimiento de los hechos.<\/p>\n\n\n\n<p>Al lugar del accidente lleg\u00f3 la esposa del se\u00f1or Marcos, as\u00ed como otros familiares, que lo identificaron plenamente, pues era residente del ejido Santa Amalia.<br>\u200bAccidentes aumentaron en carreteras<br>Elementos de la Guardia Nacional se hicieron cargo de hacer el peritaje, mientras que personal de Servicios Periciales se encargaron de tomar evidencia, pues se abri\u00f3 una carpeta de investigaci\u00f3n en torno a los hechos.<\/p>\n\n\n\n<p>El jefe Operativo de Protecci\u00f3n Civil Regional, Andr\u00e9s Hern\u00e1ndez, explic\u00f3 que en las \u00faltimas semanas se han atendido una gran cantidad de accidentes sobre la carretera, pues los automovilistas no respetan los se\u00f1alamientos viales que existen y conducen a exceso de velocidad.<\/p>\n","protected":false},"excerpt":{"rendered":"<p>Mi\u00e9rcoles, 22 de febrero del 2023 Marcos de 74 a\u00f1os, iba en su bicicleta tras&#8230;<\/p>\n","protected":false},"author":3,"featured_media":56868,"comment_status":"closed","ping_status":"closed","sticky":false,"template":"","format":"standard","meta":{"footnotes":""},"categories":[2],"tags":[],"class_list":["post-56867","post","type-post","status-publish","format-standard","has-post-thumbnail","hentry","category-policiaca"],"_links":{"self":[{"href":"https:\/\/bambapolitica.com.mx\/index.php\/wp-json\/wp\/v2\/posts\/56867","targetHints":{"allow":["GET"]}}],"collection":[{"href":"https:\/\/bambapolitica.com.mx\/index.php\/wp-json\/wp\/v2\/posts"}],"about":[{"href":"https:\/\/bambapolitica.com.mx\/index.php\/wp-json\/wp\/v2\/types\/post"}],"author":[{"embeddable":true,"href":"https:\/\/bambapolitica.com.mx\/index.php\/wp-json\/wp\/v2\/users\/3"}],"replies":[{"embeddable":true,"href":"https:\/\/bambapolitica.com.mx\/index.php\/wp-json\/wp\/v2\/comments?post=56867"}],"version-history":[{"count":1,"href":"https:\/\/bambapolitica.com.mx\/index.php\/wp-json\/wp\/v2\/posts\/56867\/revisions"}],"predecessor-version":[{"id":56869,"href":"https:\/\/bambapolitica.com.mx\/index.php\/wp-json\/wp\/v2\/posts\/56867\/revisions\/56869"}],"wp:featuredmedia":[{"embeddable":true,"href":"https:\/\/bambapolitica.com.mx\/index.php\/wp-json\/wp\/v2\/media\/56868"}],"wp:attachment":[{"href":"https:\/\/bambapolitica.com.mx\/index.php\/wp-json\/wp\/v2\/media?parent=56867"}],"wp:term":[{"taxonomy":"category","embeddable":true,"href":"https:\/\/bambapolitica.com.mx\/index.php\/wp-json\/wp\/v2\/categories?post=56867"},{"taxonomy":"post_tag","embeddable":true,"href":"https:\/\/bambapolitica.com.mx\/index.php\/wp-json\/wp\/v2\/tags?post=56867"}],"curies":[{"name":"wp","href":"https:\/\/api.w.org\/{rel}","templated":true}]}}