{"id":56946,"date":"2023-02-25T10:54:00","date_gmt":"2023-02-25T16:54:00","guid":{"rendered":"http:\/\/bambapolitica.com.mx\/?p=56946"},"modified":"2023-02-23T10:56:40","modified_gmt":"2023-02-23T16:56:40","slug":"calendario-electoral-2023-del-edomex-cuales-son-las-fechas-clave-del-proceso","status":"publish","type":"post","link":"https:\/\/bambapolitica.com.mx\/index.php\/2023\/02\/25\/calendario-electoral-2023-del-edomex-cuales-son-las-fechas-clave-del-proceso\/","title":{"rendered":"Calendario electoral 2023 del Edomex: \u00bfcu\u00e1les son las fechas clave del proceso?"},"content":{"rendered":"\n<p>S\u00e1bado, 25 de febrero de 2023<\/p>\n\n\n\n<p>Pese a que todav\u00eda falta que tanto el instituto nacional como el estatal detallen todas las fechas, aqu\u00ed te presentamos lo datos m\u00e1s recientes.<br>Rumbo al cambio de gubernatura en el Estado de M\u00e9xico, autoridades del ramo electoral alistan la calendarizaci\u00f3n para llevar a cabo el proceso que tendr\u00e1 fecha oficialmente en 2023, desde el registro de aspirantes, campa\u00f1as y finalmente el d\u00eda de la votaci\u00f3n. Pese a que todav\u00eda falta que tanto el instituto nacional como el estatal detallen las fechas clave, aqu\u00ed te presentamos lo datos m\u00e1s recientes.<\/p>\n\n\n\n<p>De acuerdo con el calendario de Instituto Nacional Electoral (INE) el 4 de junio de 2023&nbsp; los ciudadanos saldr\u00e1n a ejercer su voto para elegir al nuevo gobernador del Estado de M\u00e9xico.&nbsp;<\/p>\n\n\n\n<p>El periodo electoral dar\u00e1 inicio el 16 de enero, empezando con la recolecci\u00f3n de apoyo de los candidatos independientes, mientras que para el 23 de enero y hasta el 3 de marzo se llevar\u00e1n a cabo las precampa\u00f1as de los partidos pol\u00edticos; las campa\u00f1as arrancan el 3 de abril y concluyen el 31 de mayo de 2023.&nbsp;<\/p>\n\n\n\n<p>El padr\u00f3n del Estado de M\u00e9xico<br>Actualmente el Instituto Electoral del Estado de M\u00e9xico (IEEM) tiene 12 millones 271 mil 679 personas inscritas a la lista nominal electoral, cantidad que corresponde a la poblaci\u00f3n que tiene derecho a ejercer su voto durante la votaci\u00f3n estatal. En la lista 5 millones 838 mil 741 registros pertenecen a hombres y 6 millones 432 mil 938 a mujeres.&nbsp;<\/p>\n","protected":false},"excerpt":{"rendered":"<p>S\u00e1bado, 25 de febrero de 2023 Pese a que todav\u00eda falta que tanto el instituto&#8230;<\/p>\n","protected":false},"author":3,"featured_media":56947,"comment_status":"closed","ping_status":"closed","sticky":false,"template":"","format":"standard","meta":{"footnotes":""},"categories":[4],"tags":[],"class_list":["post-56946","post","type-post","status-publish","format-standard","has-post-thumbnail","hentry","category-noticias-del-dia"],"_links":{"self":[{"href":"https:\/\/bambapolitica.com.mx\/index.php\/wp-json\/wp\/v2\/posts\/56946","targetHints":{"allow":["GET"]}}],"collection":[{"href":"https:\/\/bambapolitica.com.mx\/index.php\/wp-json\/wp\/v2\/posts"}],"about":[{"href":"https:\/\/bambapolitica.com.mx\/index.php\/wp-json\/wp\/v2\/types\/post"}],"author":[{"embeddable":true,"href":"https:\/\/bambapolitica.com.mx\/index.php\/wp-json\/wp\/v2\/users\/3"}],"replies":[{"embeddable":true,"href":"https:\/\/bambapolitica.com.mx\/index.php\/wp-json\/wp\/v2\/comments?post=56946"}],"version-history":[{"count":1,"href":"https:\/\/bambapolitica.com.mx\/index.php\/wp-json\/wp\/v2\/posts\/56946\/revisions"}],"predecessor-version":[{"id":56948,"href":"https:\/\/bambapolitica.com.mx\/index.php\/wp-json\/wp\/v2\/posts\/56946\/revisions\/56948"}],"wp:featuredmedia":[{"embeddable":true,"href":"https:\/\/bambapolitica.com.mx\/index.php\/wp-json\/wp\/v2\/media\/56947"}],"wp:attachment":[{"href":"https:\/\/bambapolitica.com.mx\/index.php\/wp-json\/wp\/v2\/media?parent=56946"}],"wp:term":[{"taxonomy":"category","embeddable":true,"href":"https:\/\/bambapolitica.com.mx\/index.php\/wp-json\/wp\/v2\/categories?post=56946"},{"taxonomy":"post_tag","embeddable":true,"href":"https:\/\/bambapolitica.com.mx\/index.php\/wp-json\/wp\/v2\/tags?post=56946"}],"curies":[{"name":"wp","href":"https:\/\/api.w.org\/{rel}","templated":true}]}}