{"id":56952,"date":"2023-02-25T11:37:00","date_gmt":"2023-02-25T17:37:00","guid":{"rendered":"http:\/\/bambapolitica.com.mx\/?p=56952"},"modified":"2023-02-23T11:38:38","modified_gmt":"2023-02-23T17:38:38","slug":"aifa-dara-utilidades-a-partir-de-diciembre-amlo","status":"publish","type":"post","link":"https:\/\/bambapolitica.com.mx\/index.php\/2023\/02\/25\/aifa-dara-utilidades-a-partir-de-diciembre-amlo\/","title":{"rendered":"AIFA dar\u00e1 utilidades a partir de diciembre: AMLO"},"content":{"rendered":"\n<p>S\u00e1bado, 25 de febrero de 2023<\/p>\n\n\n\n<p>El presidente L\u00f3pez Obrador reconoci\u00f3 que el Aeropuerto Internacional Felipe \u00c1ngeles (AIFA) ha tardado en \u2018despegar\u2019<br>El presidente de M\u00e9xico, Andr\u00e9s Manuel L\u00f3pez Obrador, acept\u00f3 que ha tardado en \u201cdespegar\u201d el Aeropuerto Internacional Felipe \u00c1ngeles (AIFA), derivado de los obst\u00e1culos que ha tenido por parte de sus adversarios.<\/p>\n\n\n\n<p>En la conferencia matutina de Palacio Nacional este jueves, L\u00f3pez Obrador asever\u00f3 que la instalaci\u00f3n ubicada en la base a\u00e9rea de Santa Luc\u00eda \u201cva ser autosuficiente\u201d y tenga utilidades a partir del mes de diciembre del presente a\u00f1o.<\/p>\n\n\n\n<p>\u201cS\u00ed (ha ido lento el despegue del AIFA), porque ha habido muchos obst\u00e1culos. Llovieron los amparos, de estos que vienen el domingo. A\u00fan as\u00ed, como se hizo bien y en poco tiempo tenemos mucho tiempo para que se vaya consolidando\u201d, argument\u00f3 este jueves.<\/p>\n\n\n\n<p>Se estima para diciembre de este a\u00f1o que el aeropuerto va ser autosuficiente, o sea ya va tener su punto de equilibrio y ya va empezar a obtener utilidades, o sea ya no vamos a tener que destinar presupuesto p\u00fablico para entonces\u201d, enfatiz\u00f3.<br>El mandatario mexicano volvi\u00f3 a defender su AIFA, apenas inaugurado el 21 de marzo del a\u00f1o pasado y considerado una de las obras insignias de su Gobierno.<\/p>\n\n\n\n<p>\u201cVa creciendo, voy el martes, se va recibir un vuelo de carga de DHL, se han portado muy bien los directivos de esta empresa, nos ayudaron con las vacunas fueron los primeros en decir nos sumamos al Felipe \u00c1ngeles y van a estar todas las empresas que reciben carga en el Felipe \u00c1ngeles. Tiene bodegas, instalaciones, nos va ayudar con el tr\u00e1fico en la Ciudad de M\u00e9xico\u201d, argument\u00f3.<\/p>\n","protected":false},"excerpt":{"rendered":"<p>S\u00e1bado, 25 de febrero de 2023 El presidente L\u00f3pez Obrador reconoci\u00f3 que el Aeropuerto Internacional&#8230;<\/p>\n","protected":false},"author":3,"featured_media":56953,"comment_status":"closed","ping_status":"closed","sticky":false,"template":"","format":"standard","meta":{"footnotes":""},"categories":[4],"tags":[],"class_list":["post-56952","post","type-post","status-publish","format-standard","has-post-thumbnail","hentry","category-noticias-del-dia"],"_links":{"self":[{"href":"https:\/\/bambapolitica.com.mx\/index.php\/wp-json\/wp\/v2\/posts\/56952","targetHints":{"allow":["GET"]}}],"collection":[{"href":"https:\/\/bambapolitica.com.mx\/index.php\/wp-json\/wp\/v2\/posts"}],"about":[{"href":"https:\/\/bambapolitica.com.mx\/index.php\/wp-json\/wp\/v2\/types\/post"}],"author":[{"embeddable":true,"href":"https:\/\/bambapolitica.com.mx\/index.php\/wp-json\/wp\/v2\/users\/3"}],"replies":[{"embeddable":true,"href":"https:\/\/bambapolitica.com.mx\/index.php\/wp-json\/wp\/v2\/comments?post=56952"}],"version-history":[{"count":1,"href":"https:\/\/bambapolitica.com.mx\/index.php\/wp-json\/wp\/v2\/posts\/56952\/revisions"}],"predecessor-version":[{"id":56954,"href":"https:\/\/bambapolitica.com.mx\/index.php\/wp-json\/wp\/v2\/posts\/56952\/revisions\/56954"}],"wp:featuredmedia":[{"embeddable":true,"href":"https:\/\/bambapolitica.com.mx\/index.php\/wp-json\/wp\/v2\/media\/56953"}],"wp:attachment":[{"href":"https:\/\/bambapolitica.com.mx\/index.php\/wp-json\/wp\/v2\/media?parent=56952"}],"wp:term":[{"taxonomy":"category","embeddable":true,"href":"https:\/\/bambapolitica.com.mx\/index.php\/wp-json\/wp\/v2\/categories?post=56952"},{"taxonomy":"post_tag","embeddable":true,"href":"https:\/\/bambapolitica.com.mx\/index.php\/wp-json\/wp\/v2\/tags?post=56952"}],"curies":[{"name":"wp","href":"https:\/\/api.w.org\/{rel}","templated":true}]}}