{"id":56958,"date":"2023-02-25T12:20:00","date_gmt":"2023-02-25T18:20:00","guid":{"rendered":"http:\/\/bambapolitica.com.mx\/?p=56958"},"modified":"2023-02-23T12:22:54","modified_gmt":"2023-02-23T18:22:54","slug":"gobierno-federal-expropia-23-inmuebles-para-construccion-del-tren-maya","status":"publish","type":"post","link":"https:\/\/bambapolitica.com.mx\/index.php\/2023\/02\/25\/gobierno-federal-expropia-23-inmuebles-para-construccion-del-tren-maya\/","title":{"rendered":"Gobierno Federal expropia 23 inmuebles para construcci\u00f3n del Tren Maya"},"content":{"rendered":"\n<p>S\u00e1bado, 25 de febrero de 2023<\/p>\n\n\n\n<p>El Gobierno Federal instruy\u00f3 la expropiaci\u00f3n de 23 inmuebles en Quintana Roo para la construcci\u00f3n del Tren Maya<br>El Gobierno Federal expropiar\u00e1 23 inmuebles en cuatro estados de Quintana Roo para la construcci\u00f3n del Tramo 6 del Tren Maya.<\/p>\n\n\n\n<p>La Secretar\u00eda de Desarrollo Agrario, Territorial y Urbano public\u00f3 en el Diario Oficial de la Federaci\u00f3n (DOF) el decreto para la expropiaci\u00f3n de 549 mil 55.07 metros cuadrados de inmuebles de propiedad privada.<\/p>\n\n\n\n<p>Del total de terrenos y construcciones nueve se encuentran en el municipio de Tulum; cinco m\u00e1s en Felipe Carrillo Puerto; cinco m\u00e1s en Oth\u00f3n P. Blanco; y cuatro en Bacalar.<\/p>\n\n\n\n<p>Ser\u00e1 la Secretar\u00eda de Desarrollo Agrario la que proceda con la ocupaci\u00f3n inmediata de los bienes materia de la expropiaci\u00f3n.<\/p>\n\n\n\n<p>Los due\u00f1os de los terrenos recibir\u00e1n una indemnizaci\u00f3n de conformidad con los aval\u00faos emitidos por el Instituto de Administraci\u00f3n y Aval\u00faos de Bienes Nacionales.<\/p>\n","protected":false},"excerpt":{"rendered":"<p>S\u00e1bado, 25 de febrero de 2023 El Gobierno Federal instruy\u00f3 la expropiaci\u00f3n de 23 inmuebles&#8230;<\/p>\n","protected":false},"author":3,"featured_media":56959,"comment_status":"closed","ping_status":"closed","sticky":false,"template":"","format":"standard","meta":{"footnotes":""},"categories":[4],"tags":[],"class_list":["post-56958","post","type-post","status-publish","format-standard","has-post-thumbnail","hentry","category-noticias-del-dia"],"_links":{"self":[{"href":"https:\/\/bambapolitica.com.mx\/index.php\/wp-json\/wp\/v2\/posts\/56958","targetHints":{"allow":["GET"]}}],"collection":[{"href":"https:\/\/bambapolitica.com.mx\/index.php\/wp-json\/wp\/v2\/posts"}],"about":[{"href":"https:\/\/bambapolitica.com.mx\/index.php\/wp-json\/wp\/v2\/types\/post"}],"author":[{"embeddable":true,"href":"https:\/\/bambapolitica.com.mx\/index.php\/wp-json\/wp\/v2\/users\/3"}],"replies":[{"embeddable":true,"href":"https:\/\/bambapolitica.com.mx\/index.php\/wp-json\/wp\/v2\/comments?post=56958"}],"version-history":[{"count":1,"href":"https:\/\/bambapolitica.com.mx\/index.php\/wp-json\/wp\/v2\/posts\/56958\/revisions"}],"predecessor-version":[{"id":56960,"href":"https:\/\/bambapolitica.com.mx\/index.php\/wp-json\/wp\/v2\/posts\/56958\/revisions\/56960"}],"wp:featuredmedia":[{"embeddable":true,"href":"https:\/\/bambapolitica.com.mx\/index.php\/wp-json\/wp\/v2\/media\/56959"}],"wp:attachment":[{"href":"https:\/\/bambapolitica.com.mx\/index.php\/wp-json\/wp\/v2\/media?parent=56958"}],"wp:term":[{"taxonomy":"category","embeddable":true,"href":"https:\/\/bambapolitica.com.mx\/index.php\/wp-json\/wp\/v2\/categories?post=56958"},{"taxonomy":"post_tag","embeddable":true,"href":"https:\/\/bambapolitica.com.mx\/index.php\/wp-json\/wp\/v2\/tags?post=56958"}],"curies":[{"name":"wp","href":"https:\/\/api.w.org\/{rel}","templated":true}]}}