{"id":56970,"date":"2023-02-24T09:24:25","date_gmt":"2023-02-24T15:24:25","guid":{"rendered":"http:\/\/bambapolitica.com.mx\/?p=56970"},"modified":"2023-02-24T09:24:29","modified_gmt":"2023-02-24T15:24:29","slug":"se-acabo-la-fiesta-ecatepec-limita-horarios-en-bares-y-antros","status":"publish","type":"post","link":"https:\/\/bambapolitica.com.mx\/index.php\/2023\/02\/24\/se-acabo-la-fiesta-ecatepec-limita-horarios-en-bares-y-antros\/","title":{"rendered":"\u00bfSe acab\u00f3 la fiesta? Ecatepec Limita Horarios en Bares y Antros"},"content":{"rendered":"\n<p>Viernes,26de febrero de 2023<\/p>\n\n\n\n<p>Autoridades del municipio firmaron un acuerdo con empresarios en el que se establecen nuevas reglas para los establecimientos.<\/p>\n\n\n\n<p><br>El gobierno municipal de Ecatepec firm\u00f3 un acuerdo con empresarios que establece nuevas reglas para bares y centros nocturnos, entre ellos, limitar su horario de operaci\u00f3n.<br>De acuerdo con informaci\u00f3n de autoridades del municipio, los bares y antros deber\u00e1n cerrar sus puertas a las 2:oo de la ma\u00f1ana, as\u00ed como no permitir la entrada de menores de edad y evitar la venta de bebidas adulteradas.<\/p>\n\n\n\n<p>El acuerdo tambi\u00e9n se\u00f1ala que los establecimientos deben impedir el ingreso de todo tipo de armas, as\u00ed como prohibir la venta y consumo de estupefacientes.<\/p>\n\n\n\n<p>Asimismo, los propietarios y colaboradores de los negocios se comprometieron a evitar y prevenir que se realicen actividades il\u00edcitas como trata de personas, lenocinio y prostituci\u00f3n.<\/p>\n\n\n\n<p>El objetivo del acuerdo es salvaguardar la integridad, salud y seguridad de las personas que acuden a estos sitios, principalmente a los j\u00f3venes-<\/p>\n\n\n\n<p>Fernando Vilchis, presidente municipal de Ecatepec, adelant\u00f3 que continuar\u00e1n los operativos para combatir la proliferaci\u00f3n de las llamadas cheler\u00edas, as\u00ed como de bares clandestinos que venden bebidas alcoh\u00f3licas de manera irregular.<\/p>\n","protected":false},"excerpt":{"rendered":"<p>Viernes,26de febrero de 2023 Autoridades del municipio firmaron un acuerdo con empresarios en el que&#8230;<\/p>\n","protected":false},"author":3,"featured_media":56971,"comment_status":"closed","ping_status":"closed","sticky":false,"template":"","format":"standard","meta":{"footnotes":""},"categories":[4],"tags":[],"class_list":["post-56970","post","type-post","status-publish","format-standard","has-post-thumbnail","hentry","category-noticias-del-dia"],"_links":{"self":[{"href":"https:\/\/bambapolitica.com.mx\/index.php\/wp-json\/wp\/v2\/posts\/56970","targetHints":{"allow":["GET"]}}],"collection":[{"href":"https:\/\/bambapolitica.com.mx\/index.php\/wp-json\/wp\/v2\/posts"}],"about":[{"href":"https:\/\/bambapolitica.com.mx\/index.php\/wp-json\/wp\/v2\/types\/post"}],"author":[{"embeddable":true,"href":"https:\/\/bambapolitica.com.mx\/index.php\/wp-json\/wp\/v2\/users\/3"}],"replies":[{"embeddable":true,"href":"https:\/\/bambapolitica.com.mx\/index.php\/wp-json\/wp\/v2\/comments?post=56970"}],"version-history":[{"count":1,"href":"https:\/\/bambapolitica.com.mx\/index.php\/wp-json\/wp\/v2\/posts\/56970\/revisions"}],"predecessor-version":[{"id":56972,"href":"https:\/\/bambapolitica.com.mx\/index.php\/wp-json\/wp\/v2\/posts\/56970\/revisions\/56972"}],"wp:featuredmedia":[{"embeddable":true,"href":"https:\/\/bambapolitica.com.mx\/index.php\/wp-json\/wp\/v2\/media\/56971"}],"wp:attachment":[{"href":"https:\/\/bambapolitica.com.mx\/index.php\/wp-json\/wp\/v2\/media?parent=56970"}],"wp:term":[{"taxonomy":"category","embeddable":true,"href":"https:\/\/bambapolitica.com.mx\/index.php\/wp-json\/wp\/v2\/categories?post=56970"},{"taxonomy":"post_tag","embeddable":true,"href":"https:\/\/bambapolitica.com.mx\/index.php\/wp-json\/wp\/v2\/tags?post=56970"}],"curies":[{"name":"wp","href":"https:\/\/api.w.org\/{rel}","templated":true}]}}