{"id":57000,"date":"2023-02-25T10:49:00","date_gmt":"2023-02-25T16:49:00","guid":{"rendered":"http:\/\/bambapolitica.com.mx\/?p=57000"},"modified":"2023-02-24T10:51:09","modified_gmt":"2023-02-24T16:51:09","slug":"celebra-amlo-reaparicion-en-publico-del-fiscal-gertz-manero-ya-lo-daban-por-muerto-lamenta","status":"publish","type":"post","link":"https:\/\/bambapolitica.com.mx\/index.php\/2023\/02\/25\/celebra-amlo-reaparicion-en-publico-del-fiscal-gertz-manero-ya-lo-daban-por-muerto-lamenta\/","title":{"rendered":"Celebra AMLO reaparici\u00f3n en p\u00fablico del fiscal Gertz Manero; \u201cya lo daban por muerto\u201d, lamenta"},"content":{"rendered":"\n<p>S\u00e1bado, 25 de febrero de 2023<\/p>\n\n\n\n<p>El presidente L\u00f3pez Obrador recrimin\u00f3 a algunos medios de comunicaci\u00f3n haber informado que el fiscal Gertz Manero \u201cestaba muy enfermo\u201d<br>El presidente Andr\u00e9s Manuel L\u00f3pez Obrador celebr\u00f3 la reaparici\u00f3n en p\u00fablico del fiscal general de la Rep\u00fablica, Alejandro Gertz Manero.<\/p>\n\n\n\n<p>Me da much\u00edsimo gusto que ya ayer sali\u00f3 una foto de Alejandro Gertz, ya est\u00e1 en su oficina, ya est\u00e1 bien de salud, lo celebr\u00f3 porque ya lo daban por muerto, y gozaba de cabal salud o se estaba curando, y ya est\u00e1 bien y eso me da gusto, lo celebr\u00f3\u201d, declar\u00f3.<\/p>\n\n\n\n<p>\u201cHubo hasta una campa\u00f1a, llegaron a publicar que ten\u00eda c\u00e1ncer que ya estaba en la fase terminal, los medios informativos, bueno no todos\u201d, puntualiz\u00f3 el mandatario mexicano la conferencia matutina de Palacio Nacional.<br>Gertz Manero, titular de la Fiscal\u00eda General de la Rep\u00fablica (FGR) reapareci\u00f3 este jueves durante una reuni\u00f3n donde estuvo con V\u00edctor Olea Pel\u00e1ez, nuevo presidente de la Barra Mexicana-Colegio de Abogados; Javier Cremades, presidente de World Jurist Association (WJA), as\u00ed como a miembros de dicha asociaci\u00f3n.<\/p>\n\n\n\n<p>En un comunicado la FGR apunt\u00f3 que los integrantes de la WJA \u201clo invitaron a su siguiente asamblea en la que ser\u00e1 reconocido el trabajo que se ha hecho en la vida jur\u00eddica de nuestro pa\u00eds\u201d.<br>\u201cEl Doctor Gertz felicit\u00f3 al Maestro V\u00edctor Olea Pel\u00e1ez, nuevo Presidente de la Barra Mexicana Colegio de Abogados y le dese\u00f3 todo el \u00e9xito en su nuevo encargo\u201d, se lee en el bolet\u00edn de prensa.<\/p>\n\n\n\n<p>Adem\u00e1s, con Cremades y la asociaci\u00f3n World Jurist Association \u201cse establecer\u00e1 una relaci\u00f3n de trabajo y de transparencia en las tareas realizadas en la procuraci\u00f3n de justicia de nuestro pa\u00eds\u201d.<\/p>\n\n\n\n<p>El pasado 21 de enero y tras algunos rumores sobre su estado de salud, Joaqu\u00edn L\u00f3pez-D\u00f3riga confirm\u00f3 que el titular de la Fiscal\u00eda General de la Rep\u00fablica (FGR) hab\u00eda sido sometido a una operaci\u00f3n en el The Johns Hopkins Hospital, en Baltimore, en los Estados Unidos, por un nervio de la columna.<\/p>\n\n\n\n<p>La recuperaci\u00f3n de Gertz Manero fue de diez d\u00edas y que incluso se encuentra en su domicilio y al frente de la FGR.<\/p>\n","protected":false},"excerpt":{"rendered":"<p>S\u00e1bado, 25 de febrero de 2023 El presidente L\u00f3pez Obrador recrimin\u00f3 a algunos medios de&#8230;<\/p>\n","protected":false},"author":3,"featured_media":57001,"comment_status":"closed","ping_status":"closed","sticky":false,"template":"","format":"standard","meta":{"footnotes":""},"categories":[4],"tags":[],"class_list":["post-57000","post","type-post","status-publish","format-standard","has-post-thumbnail","hentry","category-noticias-del-dia"],"_links":{"self":[{"href":"https:\/\/bambapolitica.com.mx\/index.php\/wp-json\/wp\/v2\/posts\/57000","targetHints":{"allow":["GET"]}}],"collection":[{"href":"https:\/\/bambapolitica.com.mx\/index.php\/wp-json\/wp\/v2\/posts"}],"about":[{"href":"https:\/\/bambapolitica.com.mx\/index.php\/wp-json\/wp\/v2\/types\/post"}],"author":[{"embeddable":true,"href":"https:\/\/bambapolitica.com.mx\/index.php\/wp-json\/wp\/v2\/users\/3"}],"replies":[{"embeddable":true,"href":"https:\/\/bambapolitica.com.mx\/index.php\/wp-json\/wp\/v2\/comments?post=57000"}],"version-history":[{"count":1,"href":"https:\/\/bambapolitica.com.mx\/index.php\/wp-json\/wp\/v2\/posts\/57000\/revisions"}],"predecessor-version":[{"id":57002,"href":"https:\/\/bambapolitica.com.mx\/index.php\/wp-json\/wp\/v2\/posts\/57000\/revisions\/57002"}],"wp:featuredmedia":[{"embeddable":true,"href":"https:\/\/bambapolitica.com.mx\/index.php\/wp-json\/wp\/v2\/media\/57001"}],"wp:attachment":[{"href":"https:\/\/bambapolitica.com.mx\/index.php\/wp-json\/wp\/v2\/media?parent=57000"}],"wp:term":[{"taxonomy":"category","embeddable":true,"href":"https:\/\/bambapolitica.com.mx\/index.php\/wp-json\/wp\/v2\/categories?post=57000"},{"taxonomy":"post_tag","embeddable":true,"href":"https:\/\/bambapolitica.com.mx\/index.php\/wp-json\/wp\/v2\/tags?post=57000"}],"curies":[{"name":"wp","href":"https:\/\/api.w.org\/{rel}","templated":true}]}}