{"id":57024,"date":"2023-02-27T09:49:50","date_gmt":"2023-02-27T15:49:50","guid":{"rendered":"http:\/\/bambapolitica.com.mx\/?p=57024"},"modified":"2023-02-27T09:49:58","modified_gmt":"2023-02-27T15:49:58","slug":"la-madre-de-todas-las-concentraciones-en-la-cdmx-venimos-por-voluntad-por-mexico-y-el-ine-dice-la-gente","status":"publish","type":"post","link":"https:\/\/bambapolitica.com.mx\/index.php\/2023\/02\/27\/la-madre-de-todas-las-concentraciones-en-la-cdmx-venimos-por-voluntad-por-mexico-y-el-ine-dice-la-gente\/","title":{"rendered":"La madre de todas las concentraciones en la CDMX, venimos por voluntad, por M\u00e9xico y el INE dice la gente"},"content":{"rendered":"\n<p>lunes 27 de Febrero 2023<\/p>\n\n\n\n<p>La madre de todas las concentraciones en la CDMX, venimos por voluntad, por M\u00e9xico y el INE dice la gente<br>Cientos de miles de personas alzaron la voz para defender al INE, en lo que puede considerarse la \u201cmadre de todas las concentraciones\u201d; la segunda movilizaci\u00f3n que, sin acarreos, se llev\u00f3 a cabo en m\u00e1s de un centenar de ciudades del pa\u00eds y el extranjero para defender al instituto.<\/p>\n\n\n\n<p>En la CDMX se instal\u00f3 un templete para los distintos oradores frente al edificio sede de la Suprema Corte de Justicia de la Naci\u00f3n (SCJN), en quien recae una decisi\u00f3n hist\u00f3rica de echar abajo el llamado Plan B que pretende imponer el Gobierno Federal para \u201cdinamitar\u201d al INE.<\/p>\n\n\n\n<p>Sin incidentes se llev\u00f3 a cabo esta concentraci\u00f3n en un ambiente familiar con m\u00fasica de mariachis; ello no obstante las intentonas de desvirtuar la el reclamo de ciudadanos, al colocarse enormes lonas en edificios p\u00fablicos del gobierno capitalino y del Congreso de la Ciudad de M\u00e9xico con la fotograf\u00eda de Genaro Garc\u00eda Luna que, por cierto, nada tiene que ver con este movimiento. Dichas lonas fueron retiradas por los propios ciudadanos.<\/p>\n\n\n\n<p>La gente visti\u00f3 de rosa y blanco predominantemente para apoyar el trabajo del Instituto Nacional Electoral. Partidos pol\u00edticos, Organismos No Gubernamentales organizaciones de la sociedad civil, y artistas, enfatizaron nuevamente, \u201cEl Voto no se toca\u201d. Es una lucha ciudadana de largo aliento y la democracia va a prevalecer.<\/p>\n\n\n\n<p>Analistas como Beatriz Pages Rebollar, en su mensaje recalc\u00f3: \u201cabramos la puerta de la esperanza y la libertad, vayamos por quienes en su momento se abstuvieron de votar, y a quienes dieron su voto a quienes no lo merec\u00edan, vayamos por las clases medias humilladas desde el poder, y cerrar la brecha social, pongamos a los j\u00f3venes al frente de esta cruzada democr\u00e1tica.\u201d \u201cEstamos listos para dar una larga batalla a favor de la democracia y construir una gran naci\u00f3n, M\u00e9xico es uno\u201d, enfatiz\u00f3.<\/p>\n\n\n\n<p>En el Z\u00f3calo, otro de los oradores, se\u00f1al\u00f3: \u201cLa refiner\u00eda de Dos Bocas, el Tren Maya y otras obras fallidas, am\u00e9n de las p\u00e9rdidas multimillonarias de Pemex, habr\u00edan representado m\u00e1s de medio siglo de INE, si el pretexto ha sido la supuesta austeridad, mencionaron \u201cnecesitamos reconciliaci\u00f3n\u201d.<\/p>\n\n\n\n<p>Ante miles de personas, el ex ministro de la Suprema Corte Jos\u00e9 Ram\u00f3n Cossio, en su discurso insisti\u00f3 \u201cmi voto no se toca, rechazamos las descalificaciones que se han hecho por parte de quienes quieren controlar las pr\u00f3ximas elecciones. El gobierno y sus legisladores han tenido decisiones de mala manera, hay violaciones en el legislativo, que no quisieron siquiera dialogar con los ciudadanos. Este es un movimiento que se lleva de manera pac\u00edfica. El evento culmin\u00f3 pasado el mediod\u00eda con el Himno Nacional y un \u201cViva M\u00e9xico\u201d.<\/p>\n\n\n\n<p>De acuerdo con C\u00e9sar Dami\u00e1n Retes, secretario ejecutivo de la organizaci\u00f3n civil Unidos y S\u00ed por M\u00e9xico, confirm\u00f3 que hubo concentraciones tambi\u00e9n en Barcelona, Espa\u00f1a, as\u00ed como en Washington D.C. y Los \u00c1ngeles, en Estados Unidos.<\/p>\n\n\n\n<p>El pasado 13 de noviembre, cuando se realiz\u00f3 la marcha de la glorieta del \u00c1ngel de la Independencia a la plaza de la Rep\u00fablica, junto al monumento a la Revoluci\u00f3n, en la capital mexicana, tambi\u00e9n hubo marchas en 64 ciudades mexicanas y del extranjero.<\/p>\n\n\n\n<p>Esta vez se han involucrado 98 organizaciones sociales a los trabajos de convocatorias y organizaci\u00f3n de las manifestaciones; en noviembre pasado participaron 54. Este domingo en esta movilizaci\u00f3n participaron m\u00e1s de 100 asociaciones.<\/p>\n\n\n\n<p>En el caso de la Ciudad de M\u00e9xico, la convocatoria fue para que la gente se reuniera a las 11:00 horas, en la Plaza de la Constituci\u00f3n, en la esquina que da al edificio de la Suprema Corte de Justicia de la<\/p>\n\n\n\n<p>La ciudadan\u00eda respalda a los ministros: El activista Max Kaiser coment\u00f3 que esta vez el mensaje ser\u00e1 que la ciudadan\u00eda respalda a los ministros de la SCJN, que ser\u00e1n los encargados de pronunciarse sobre las controversias constitucionales y acciones de inconstitucionalidad, promovidas ante esa instancia por partidos pol\u00edticos, legisladores y municipios en contra de las dos leyes que forman parte del paquete denominado Plan B electoral, que ya fueron promulgadas y en contra de las modificaciones a las otras cuatro leyes que actualmente est\u00e1n atoradas en el senado, porque el presidente L\u00f3pez Obrador ha ordenado a los legisladores de Morena eliminar un art\u00edculo mediante el cual se autoriza que los partidos tengas permitido que otro le ceda votos y con ello no perder el registro.<\/p>\n\n\n\n<p>El presidente de la C\u00e1mara de Diputados, el panista Santiago Creel, le envi\u00f3 un mensaje al presidente, Andr\u00e9s Manuel L\u00f3pez Obrador, y le dijo que es denigrante que no se haya colocado la bandera nacional en el asta de la plancha del Z\u00f3calo capitalino en el marco de la\u202fconcentraci\u00f3n\u202fciudadana en defensa del INE.<\/p>\n\n\n\n<p>En entrevista, el panista refrend\u00f3 los objetivos de la protesta y dijo que ni el INE ni los votos se tocan.<\/p>\n\n\n\n<p>\u201cEl INE no se toca y nuestros votos tampoco se tocan, es denigrante para usted no haber puesto nuestra bandera en pleno Z\u00f3calo\u201d, dijo el panista capitalino.<\/p>\n\n\n\n<p>En otras ciudades como Mazatl\u00e1n, Sinaloa se llev\u00f3 a cabo tambi\u00e9n una gran concentraci\u00f3n en la Plazuela Rep\u00fablica. Otras concentraciones predominaron en las 31 capitales estatales. Colima, Quer\u00e9taro, Baja California y otras ciudades, tambi\u00e9n se sumaron a este movimiento nacional.<\/p>\n\n\n\n<p>Asimismo, un grupo de mexicanos radicados en Espa\u00f1a, se manifestaron la ma\u00f1ana de este 26 de febrero en defensa del Instituto Nacional Electoral (INE). La cita fue en las inmediaciones de la embajada de M\u00e9xico en Espa\u00f1a ubicada en Madrid.<\/p>\n\n\n\n<p>A esto se suman otras movilizaciones, ahora tambi\u00e9n en Estados Unidos y Europa, con el objetivo de defender la democracia, amenazada por el paquete de reformas del denominado Plan B del presidente Andr\u00e9s Manuel L\u00f3pez Obrador, implementado luego de que la C\u00e1mara de Diputados desech\u00f3 su iniciativa de reforma constitucional en materia electoral, a finales de 2022.<\/p>\n","protected":false},"excerpt":{"rendered":"<p>lunes 27 de Febrero 2023 La madre de todas las concentraciones en la CDMX, venimos&#8230;<\/p>\n","protected":false},"author":3,"featured_media":57025,"comment_status":"closed","ping_status":"closed","sticky":false,"template":"","format":"standard","meta":{"footnotes":""},"categories":[4],"tags":[],"class_list":["post-57024","post","type-post","status-publish","format-standard","has-post-thumbnail","hentry","category-noticias-del-dia"],"_links":{"self":[{"href":"https:\/\/bambapolitica.com.mx\/index.php\/wp-json\/wp\/v2\/posts\/57024","targetHints":{"allow":["GET"]}}],"collection":[{"href":"https:\/\/bambapolitica.com.mx\/index.php\/wp-json\/wp\/v2\/posts"}],"about":[{"href":"https:\/\/bambapolitica.com.mx\/index.php\/wp-json\/wp\/v2\/types\/post"}],"author":[{"embeddable":true,"href":"https:\/\/bambapolitica.com.mx\/index.php\/wp-json\/wp\/v2\/users\/3"}],"replies":[{"embeddable":true,"href":"https:\/\/bambapolitica.com.mx\/index.php\/wp-json\/wp\/v2\/comments?post=57024"}],"version-history":[{"count":1,"href":"https:\/\/bambapolitica.com.mx\/index.php\/wp-json\/wp\/v2\/posts\/57024\/revisions"}],"predecessor-version":[{"id":57026,"href":"https:\/\/bambapolitica.com.mx\/index.php\/wp-json\/wp\/v2\/posts\/57024\/revisions\/57026"}],"wp:featuredmedia":[{"embeddable":true,"href":"https:\/\/bambapolitica.com.mx\/index.php\/wp-json\/wp\/v2\/media\/57025"}],"wp:attachment":[{"href":"https:\/\/bambapolitica.com.mx\/index.php\/wp-json\/wp\/v2\/media?parent=57024"}],"wp:term":[{"taxonomy":"category","embeddable":true,"href":"https:\/\/bambapolitica.com.mx\/index.php\/wp-json\/wp\/v2\/categories?post=57024"},{"taxonomy":"post_tag","embeddable":true,"href":"https:\/\/bambapolitica.com.mx\/index.php\/wp-json\/wp\/v2\/tags?post=57024"}],"curies":[{"name":"wp","href":"https:\/\/api.w.org\/{rel}","templated":true}]}}