{"id":57034,"date":"2023-02-27T10:15:26","date_gmt":"2023-02-27T16:15:26","guid":{"rendered":"http:\/\/bambapolitica.com.mx\/?p=57034"},"modified":"2023-02-27T10:15:28","modified_gmt":"2023-02-27T16:15:28","slug":"dan-75-anos-de-carcel-al-alcalde-de-ocuilan-por-secuestro","status":"publish","type":"post","link":"https:\/\/bambapolitica.com.mx\/index.php\/2023\/02\/27\/dan-75-anos-de-carcel-al-alcalde-de-ocuilan-por-secuestro\/","title":{"rendered":"Dan 75 A\u00f1os de C\u00e1rcel al Alcalde de Ocuilan por Secuestro"},"content":{"rendered":"\n<p>Lunes,27 de Febrero del 2023<\/p>\n\n\n\n<p>El 4 de junio de 2021 mand\u00f3 a secuestrar a un hombre, lo llevaron ante su presencia, lo amenaz\u00f3 y agredi\u00f3 verbalmente y despu\u00e9s lo solt\u00f3, seg\u00fan la FGJEM<\/p>\n\n\n\n<p><br>Poco despu\u00e9s de un a\u00f1o y dos meses de ser detenido, un juez de Tenancingo encontr\u00f3 culpable del delito de secuestro a Emilio Arriaga Villa, alcalde de Ocuilan, y lo sentenci\u00f3 a 75 a\u00f1os de prisi\u00f3n.<\/p>\n\n\n\n<p>Seg\u00fan la carpeta de investigaci\u00f3n integrada por la Fiscal\u00eda General de Justicia del Estado de M\u00e9xico (FGJEM), el edil habr\u00eda ordenado el secuestro de una persona, privado de su libertad el 4 de junio de 2021, en la carretera Santiago-Chalma.<\/p>\n\n\n\n<p><br>Tres tripulantes armados bajaron de una camioneta a la v\u00edctima, lo subieron a otro veh\u00edculo y lo trasladaron a la comunidad de Santa Ana. Ah\u00ed estaba Emilio Arriaga Villa, quien lo amenaz\u00f3 y agredi\u00f3 verbalmente y posteriormente fue liberado en otro sitio, mientras dispararon al aire.<\/p>\n\n\n\n<p>Adem\u00e1s de los 75 a\u00f1os de prisi\u00f3n, Arriaga Villa deber\u00e1 pagar una multa de seis mil 500 d\u00edas equivalente a 582 mil 530 pesos.<\/p>\n\n\n\n<p>El edil, del ahora extinto Partido Encuentro Social, fue detenido en diciembre de 2021 por elementos de la FGJEM, en la ciudad de Cuernavaca, con apoyo de la Fiscal\u00eda de Morelos e ingresado al Centro Penitenciario y de Reinserci\u00f3n Social de Tenancingo.<\/p>\n","protected":false},"excerpt":{"rendered":"<p>Lunes,27 de Febrero del 2023 El 4 de junio de 2021 mand\u00f3 a secuestrar a&#8230;<\/p>\n","protected":false},"author":3,"featured_media":57035,"comment_status":"closed","ping_status":"closed","sticky":false,"template":"","format":"standard","meta":{"footnotes":""},"categories":[4],"tags":[],"class_list":["post-57034","post","type-post","status-publish","format-standard","has-post-thumbnail","hentry","category-noticias-del-dia"],"_links":{"self":[{"href":"https:\/\/bambapolitica.com.mx\/index.php\/wp-json\/wp\/v2\/posts\/57034","targetHints":{"allow":["GET"]}}],"collection":[{"href":"https:\/\/bambapolitica.com.mx\/index.php\/wp-json\/wp\/v2\/posts"}],"about":[{"href":"https:\/\/bambapolitica.com.mx\/index.php\/wp-json\/wp\/v2\/types\/post"}],"author":[{"embeddable":true,"href":"https:\/\/bambapolitica.com.mx\/index.php\/wp-json\/wp\/v2\/users\/3"}],"replies":[{"embeddable":true,"href":"https:\/\/bambapolitica.com.mx\/index.php\/wp-json\/wp\/v2\/comments?post=57034"}],"version-history":[{"count":1,"href":"https:\/\/bambapolitica.com.mx\/index.php\/wp-json\/wp\/v2\/posts\/57034\/revisions"}],"predecessor-version":[{"id":57036,"href":"https:\/\/bambapolitica.com.mx\/index.php\/wp-json\/wp\/v2\/posts\/57034\/revisions\/57036"}],"wp:featuredmedia":[{"embeddable":true,"href":"https:\/\/bambapolitica.com.mx\/index.php\/wp-json\/wp\/v2\/media\/57035"}],"wp:attachment":[{"href":"https:\/\/bambapolitica.com.mx\/index.php\/wp-json\/wp\/v2\/media?parent=57034"}],"wp:term":[{"taxonomy":"category","embeddable":true,"href":"https:\/\/bambapolitica.com.mx\/index.php\/wp-json\/wp\/v2\/categories?post=57034"},{"taxonomy":"post_tag","embeddable":true,"href":"https:\/\/bambapolitica.com.mx\/index.php\/wp-json\/wp\/v2\/tags?post=57034"}],"curies":[{"name":"wp","href":"https:\/\/api.w.org\/{rel}","templated":true}]}}