{"id":57037,"date":"2023-02-27T10:26:28","date_gmt":"2023-02-27T16:26:28","guid":{"rendered":"http:\/\/bambapolitica.com.mx\/?p=57037"},"modified":"2023-02-27T10:26:33","modified_gmt":"2023-02-27T16:26:33","slug":"jose-ramon-cossio-fue-ministro-en-pleno-narcoestado-amlo","status":"publish","type":"post","link":"https:\/\/bambapolitica.com.mx\/index.php\/2023\/02\/27\/jose-ramon-cossio-fue-ministro-en-pleno-narcoestado-amlo\/","title":{"rendered":"Jos\u00e9 Ram\u00f3n Coss\u00edo fue ministro en pleno narcoestado: AMLO"},"content":{"rendered":"\n<p>Lunes,27 de Febrero del 2023<\/p>\n\n\n\n<p>El presidente L\u00f3pez Obrador volvi\u00f3 a lanzarse este lunes contra el ministro en retiro de la Suprema Corte de Justicia, Jos\u00e9 Ram\u00f3n Coss\u00edo<\/p>\n\n\n\n<p>El presidente L\u00f3pez Obrador volvi\u00f3 a lanzarse este lunes contra el ministro en retiro de la Suprema Corte de Justicia, Jos\u00e9 Ram\u00f3n Coss\u00edo<\/p>\n\n\n\n<p><br>Andr\u00e9s Manuel L\u00f3pez Obrador, presidente de M\u00e9xico, volvi\u00f3 a arremeter contra el ministro en retiro Jos\u00e9 Ram\u00f3n Coss\u00edo, quien fue uno de los oradores de la manifestaci\u00f3n del 26 de febrero en contra del Plan B de Reforma Electoral y a favor del Instituto Nacional Electoral (INE).<\/p>\n\n\n\n<p>En la conferencia matutina de Palacio Nacional, L\u00f3pez Obrador asever\u00f3 que Coss\u00edo D\u00edaz fue ministro de la Corte en pleno \u201cnarcoestado\u201d.<\/p>\n\n\n\n<p>\u201cEs un farsante, abogado. Fue ministro de la Suprema Corte de Justicia en pleno narcoestado apoyado por (Felipe) Calder\u00f3n. Nunca dijo nada\u201d, asever\u00f3.<\/p>\n\n\n\n<p>El mandatario mexicano explic\u00f3 que el ahora ministro en retiro \u201cvot\u00f3 en contra de una resoluci\u00f3n para que se castigara los responsables del incendio de la Guarder\u00eda ABC en Hermosillo, se murieron beb\u00e9s, ni\u00f1os<\/p>\n\n\n\n<p>\u00c9l (Jos\u00e9 Ram\u00f3n Coss\u00edo) es como la autoridad, moral del movimiento, palad\u00edn de la legalidad porque con Claudio X. Gonz\u00e1lez es el que se ha dedicado a interponer amparos contra nosotros, contra todos las obras\u201d, argument\u00f3.<\/p>\n\n\n\n<p>En su discurso durante la manifestaci\u00f3n del 26 de febrero, el ministro en retiro de la Corte confi\u00f3 que los actuales ministros del alto tribunal frenar\u00e1n el llamado Plan B de Reforma Electoral por inconstitucional.<\/p>\n\n\n\n<p>\u201cHasta ahora los ministros solo han escuchado las palabras ofensivas del presidente y de sus seguidores. Quienes estamos aqu\u00ed queremos hablarles con otro lenguaje, con el lenguaje de la confianza y el respeto que corresponde a los dem\u00f3cratas\u201d, manifest\u00f3.<\/p>\n\n\n\n<p>Coss\u00edo D\u00edaz hizo hincapi\u00e9 en \u201clas presiones a que est\u00e1n siendo sometidos (los ministros) por quienes quieren apropiarse del sistema electoral mexicano\u201d.<\/p>\n\n\n\n<p>Dijo que el presidente L\u00f3pez Obrador, quien ha negado que existan riesgos para la organizaci\u00f3n de las elecciones presidenciales de 2024, ha sostenido que los ministros ser\u00e1n corruptos si rechazan que estas modificaciones a las leyes electorales entren en vigor.<\/p>\n\n\n\n<p>En ese sentido, Coss\u00edo asegur\u00f3 que los ministros considerar\u00e1n que \u201ctiene un serio potencial\u201d de afectar las normas electorales, que reducen recursos humanos y presupuestales en contra de la autonom\u00eda del INE, y que \u201clamentablemente han disminuido los derechos de las mujeres\u201d.<\/p>\n\n\n\n<p>Y sobre todo, advirti\u00f3 que se enviar\u00eda un mensaje de que una persona puede asumir que, en su proyecto de Gobierno, puede hacer e imponer lo que quiera sin importar lo que piense la ciudadan\u00eda.<\/p>\n","protected":false},"excerpt":{"rendered":"<p>Lunes,27 de Febrero del 2023 El presidente L\u00f3pez Obrador volvi\u00f3 a lanzarse este lunes contra&#8230;<\/p>\n","protected":false},"author":3,"featured_media":57038,"comment_status":"closed","ping_status":"closed","sticky":false,"template":"","format":"standard","meta":{"footnotes":""},"categories":[4],"tags":[],"class_list":["post-57037","post","type-post","status-publish","format-standard","has-post-thumbnail","hentry","category-noticias-del-dia"],"_links":{"self":[{"href":"https:\/\/bambapolitica.com.mx\/index.php\/wp-json\/wp\/v2\/posts\/57037","targetHints":{"allow":["GET"]}}],"collection":[{"href":"https:\/\/bambapolitica.com.mx\/index.php\/wp-json\/wp\/v2\/posts"}],"about":[{"href":"https:\/\/bambapolitica.com.mx\/index.php\/wp-json\/wp\/v2\/types\/post"}],"author":[{"embeddable":true,"href":"https:\/\/bambapolitica.com.mx\/index.php\/wp-json\/wp\/v2\/users\/3"}],"replies":[{"embeddable":true,"href":"https:\/\/bambapolitica.com.mx\/index.php\/wp-json\/wp\/v2\/comments?post=57037"}],"version-history":[{"count":1,"href":"https:\/\/bambapolitica.com.mx\/index.php\/wp-json\/wp\/v2\/posts\/57037\/revisions"}],"predecessor-version":[{"id":57039,"href":"https:\/\/bambapolitica.com.mx\/index.php\/wp-json\/wp\/v2\/posts\/57037\/revisions\/57039"}],"wp:featuredmedia":[{"embeddable":true,"href":"https:\/\/bambapolitica.com.mx\/index.php\/wp-json\/wp\/v2\/media\/57038"}],"wp:attachment":[{"href":"https:\/\/bambapolitica.com.mx\/index.php\/wp-json\/wp\/v2\/media?parent=57037"}],"wp:term":[{"taxonomy":"category","embeddable":true,"href":"https:\/\/bambapolitica.com.mx\/index.php\/wp-json\/wp\/v2\/categories?post=57037"},{"taxonomy":"post_tag","embeddable":true,"href":"https:\/\/bambapolitica.com.mx\/index.php\/wp-json\/wp\/v2\/tags?post=57037"}],"curies":[{"name":"wp","href":"https:\/\/api.w.org\/{rel}","templated":true}]}}