{"id":57040,"date":"2023-02-27T10:30:54","date_gmt":"2023-02-27T16:30:54","guid":{"rendered":"http:\/\/bambapolitica.com.mx\/?p=57040"},"modified":"2023-02-27T10:31:00","modified_gmt":"2023-02-27T16:31:00","slug":"tren-maya-iniciara-operaciones-el-1-de-diciembre-de-2023-asegura-sedena","status":"publish","type":"post","link":"https:\/\/bambapolitica.com.mx\/index.php\/2023\/02\/27\/tren-maya-iniciara-operaciones-el-1-de-diciembre-de-2023-asegura-sedena\/","title":{"rendered":"Tren Maya iniciar\u00e1 operaciones el 1 de diciembre de 2023, asegura Sedena"},"content":{"rendered":"\n<p>Lunes,27 de Febrero del 2023<\/p>\n\n\n\n<p>El director general de la empresa Tren Maya detall\u00f3 que la obra iniciar\u00e1 operaciones cuando su cumplan 5 a\u00f1os del Gobierno de L\u00f3pez Obrador<\/p>\n\n\n\n<p><br>El Tren Maya, obra prioritaria del Gobierno de la Cuarta Transformaci\u00f3n, iniciar\u00e1 operaciones el pr\u00f3ximo 1 de diciembre de 2023, justo cundo se cumplen cinco a\u00f1os del Gobierno de Andr\u00e9s Manuel L\u00f3pez Obrador.<\/p>\n\n\n\n<p><br>Lo anterior fue detallado este lunes por el general \u00d3scar David Lozano \u00c1guila, director general de la empresa Tren Maya S.A de C.V., en la conferencia matutina de Palacio Nacional.<\/p>\n\n\n\n<p><br>Estamos comprometidos, para iniciar operaciones el 1 de diciembre de 2023, el cumplimento de la misi\u00f3n es esa\u201d, apunt\u00f3 .<\/p>\n\n\n\n<p><br>Entre abril y septiembre de 2024, se planea que sean entregados todos los servicios ferroviarios a lo largo de la ruta de dicha obra.<\/p>\n\n\n\n<p><br>Lozano \u00c1guila asever\u00f3 que Petr\u00f3leos Mexicanos (Pemex) ser\u00e1 quien suministre el combustible del Tren Maya, el cual proteger\u00e1 el medio ambiente.<br>\u201cPemex tambi\u00e9n est\u00e1 haciendo un esfuerzo para suministrar el combustible del tren. Este es el combustible que utilizamos, hay una diferencia enorme, para proteger y contribuir al medio ambiente de la regi\u00f3n\u201d, explic\u00f3.<br>\u201cToda la Pen\u00ednsula va tener este combustible para el tren y todo el combustible interno. La inversi\u00f3n a trav\u00e9s de la CFE, la pen\u00ednsula hab\u00eda sido deficitaria en energ\u00eda el\u00e9ctrica, vamos a incrementar la disponibilidad de energ\u00eda, vamos a tener un margen de mil 500 megawatts para la regi\u00f3n\u201d, puntualiz\u00f3.<br>El director general de la empresa Tren Maya asever\u00f3 que la obra tiene una visi\u00f3n de \u201ccero accidentes\u201d, por la tecnolog\u00eda con la que cuenta.<\/p>\n\n\n\n<p><br>El Tren Maya tiene una visi\u00f3n de cero accidentes, los sistemas con los que cuenta van a garantizar de que en el momento que haya una interrupci\u00f3n en una v\u00eda, ya sea por un tronco o una roca, lo detectamos desde el centro de control y autom\u00e1ticamente el Tren se detiene\u201d, expuso.<\/p>\n\n\n\n<p><br>\u201cNo hay posibilidad, contando con estos sistemas de comunicaciones, estos sistemas de se\u00f1alizaci\u00f3n, que se produzca un accidente, el control operativo residir\u00e1 en el puesto de control principal que va a estar ubicado en Canc\u00fan\u201d, enfatiz\u00f3.<\/p>\n\n\n\n<p><br>El Tren Maya, considerada una obra prioritaria del Gobierno de la Cuarta Transformaci\u00f3n, tiene una inversi\u00f3n de alrededor de 200 mil millones de pesos, el cual plantea construir mil 554 kil\u00f3metros de v\u00eda f\u00e9rrea en cinco estados del sureste mexicano: Chiapas, Tabasco, Campeche, Yucat\u00e1n y Quintana Roo.<\/p>\n","protected":false},"excerpt":{"rendered":"<p>Lunes,27 de Febrero del 2023 El director general de la empresa Tren Maya detall\u00f3 que&#8230;<\/p>\n","protected":false},"author":3,"featured_media":57041,"comment_status":"closed","ping_status":"closed","sticky":false,"template":"","format":"standard","meta":{"footnotes":""},"categories":[4],"tags":[],"class_list":["post-57040","post","type-post","status-publish","format-standard","has-post-thumbnail","hentry","category-noticias-del-dia"],"_links":{"self":[{"href":"https:\/\/bambapolitica.com.mx\/index.php\/wp-json\/wp\/v2\/posts\/57040","targetHints":{"allow":["GET"]}}],"collection":[{"href":"https:\/\/bambapolitica.com.mx\/index.php\/wp-json\/wp\/v2\/posts"}],"about":[{"href":"https:\/\/bambapolitica.com.mx\/index.php\/wp-json\/wp\/v2\/types\/post"}],"author":[{"embeddable":true,"href":"https:\/\/bambapolitica.com.mx\/index.php\/wp-json\/wp\/v2\/users\/3"}],"replies":[{"embeddable":true,"href":"https:\/\/bambapolitica.com.mx\/index.php\/wp-json\/wp\/v2\/comments?post=57040"}],"version-history":[{"count":1,"href":"https:\/\/bambapolitica.com.mx\/index.php\/wp-json\/wp\/v2\/posts\/57040\/revisions"}],"predecessor-version":[{"id":57042,"href":"https:\/\/bambapolitica.com.mx\/index.php\/wp-json\/wp\/v2\/posts\/57040\/revisions\/57042"}],"wp:featuredmedia":[{"embeddable":true,"href":"https:\/\/bambapolitica.com.mx\/index.php\/wp-json\/wp\/v2\/media\/57041"}],"wp:attachment":[{"href":"https:\/\/bambapolitica.com.mx\/index.php\/wp-json\/wp\/v2\/media?parent=57040"}],"wp:term":[{"taxonomy":"category","embeddable":true,"href":"https:\/\/bambapolitica.com.mx\/index.php\/wp-json\/wp\/v2\/categories?post=57040"},{"taxonomy":"post_tag","embeddable":true,"href":"https:\/\/bambapolitica.com.mx\/index.php\/wp-json\/wp\/v2\/tags?post=57040"}],"curies":[{"name":"wp","href":"https:\/\/api.w.org\/{rel}","templated":true}]}}