{"id":57043,"date":"2023-02-27T10:35:35","date_gmt":"2023-02-27T16:35:35","guid":{"rendered":"http:\/\/bambapolitica.com.mx\/?p=57043"},"modified":"2023-02-27T10:35:39","modified_gmt":"2023-02-27T16:35:39","slug":"mexicanos-se-muestran-a-favor-del-ine-frente-a-la-embajada-en-madrid","status":"publish","type":"post","link":"https:\/\/bambapolitica.com.mx\/index.php\/2023\/02\/27\/mexicanos-se-muestran-a-favor-del-ine-frente-a-la-embajada-en-madrid\/","title":{"rendered":"Mexicanos se muestran a favor del INE frente a la embajada en Madrid"},"content":{"rendered":"\n<p>Lunes,27 de Febrero del 2023<\/p>\n\n\n\n<p>La manifestaci\u00f3n se llev\u00f3 a cabo de manera pac\u00edfica durante casi una hora.<br>Como parte de las concentraciones convocadas en defensa del INE y en contra del llamado Plan B de reforma electoral, un centenar de mexicanos se manifestaron en la residencia de la embajada de Espa\u00f1a.<\/p>\n\n\n\n<p>Los mexicanos residentes en Madrid protestaron al exterior de la residencia de M\u00e9xico en Espa\u00f1a en defensa del Instituto Nacional Electoral (INE) con pancartas en las que se pod\u00eda leer \u201cEl INE no se toca\u201d o \u201cMi voto no se toca\u201d, entre otras.<br>Fue una manifestaci\u00f3n que se realiz\u00f3 de manera pac\u00edfica durante casi una hora. Ninguna autoridad o representante de la Embajada de M\u00e9xico en Espa\u00f1a, que preside Quirino Ordaz, sali\u00f3 de dicho inmueble para dirigirse a los manifestantes.<\/p>\n\n\n\n<p>Pasada una hora, los residentes mexicanos en Madrid terminaron la protesta. En Espa\u00f1a viven 66 mil mexicanos, 15 mil de ellos en Madrid.<\/p>\n\n\n\n<p>\u00bfQu\u00e9 est\u00e1 pasando con el INE?<br>Una de las grandes iniciativas sobre las que el presidente Andr\u00e9s Manuel L\u00f3pez Obrador ha decidido trabajar es la de reformar al Instituto Nacional Electoral (INE), pues se\u00f1ala, entre otras cosas, que este instituto est\u00e1 plagado de &#8216;conservadores&#8217; as\u00ed como de corrupci\u00f3n.<\/p>\n\n\n\n<p>\u201cHay que luchar para limpiar de corrupci\u00f3n, de parcialidad al INE, hay que luchar por eso, claro que s\u00ed se toca y se debe de tocar. Tambi\u00e9n que se sepa que la mayor\u00eda de la gente en M\u00e9xico quiere la reforma, est\u00e1 demostrado en encuestas\u201d, expres\u00f3 AMLO.<br>Adem\u00e1s, el presidente considera que este organismo tiene beneficios econ\u00f3micos &#8216;estratosf\u00e9ricos&#8217;.<br>Recientemente, Pablo G\u00f3mez, titular de la Unidad de Inteligencia Financiera (UIF) asegur\u00f3 que en el INE hay 400 funcionarios, incluyendo a consejeros, que tienen salarios m\u00e1s altos que el presidente.<\/p>\n\n\n\n<p>El paquete de reformas que AMLO ha propuesto para reformar al INE se le conoce como &#8216;Plan B&#8217; debido a que el pasado a\u00f1o no pudo reformar la Constituci\u00f3n debido a que los diputados de Morena no tienen mayor\u00eda calificada para reformar la Constituci\u00f3n Pol\u00edtica de M\u00e9xico.<\/p>\n\n\n\n<p>El &#8216;Plan B&#8217; est\u00e1 conformado de reformas a 3 leyes secundarias y la creaci\u00f3n de 1 nueva:<\/p>\n\n\n\n<p>Reformar Ley General de Instituciones y procedimientos Electorales<br>Ley General de Partidos Pol\u00edticos<br>Ley Org\u00e1nica del poder Judicial<br>Crear la Ley General de los medios de Impugnaci\u00f3n en Materia Electoral<\/p>\n","protected":false},"excerpt":{"rendered":"<p>Lunes,27 de Febrero del 2023 La manifestaci\u00f3n se llev\u00f3 a cabo de manera pac\u00edfica durante&#8230;<\/p>\n","protected":false},"author":3,"featured_media":57044,"comment_status":"closed","ping_status":"closed","sticky":false,"template":"","format":"standard","meta":{"footnotes":""},"categories":[4],"tags":[],"class_list":["post-57043","post","type-post","status-publish","format-standard","has-post-thumbnail","hentry","category-noticias-del-dia"],"_links":{"self":[{"href":"https:\/\/bambapolitica.com.mx\/index.php\/wp-json\/wp\/v2\/posts\/57043","targetHints":{"allow":["GET"]}}],"collection":[{"href":"https:\/\/bambapolitica.com.mx\/index.php\/wp-json\/wp\/v2\/posts"}],"about":[{"href":"https:\/\/bambapolitica.com.mx\/index.php\/wp-json\/wp\/v2\/types\/post"}],"author":[{"embeddable":true,"href":"https:\/\/bambapolitica.com.mx\/index.php\/wp-json\/wp\/v2\/users\/3"}],"replies":[{"embeddable":true,"href":"https:\/\/bambapolitica.com.mx\/index.php\/wp-json\/wp\/v2\/comments?post=57043"}],"version-history":[{"count":1,"href":"https:\/\/bambapolitica.com.mx\/index.php\/wp-json\/wp\/v2\/posts\/57043\/revisions"}],"predecessor-version":[{"id":57045,"href":"https:\/\/bambapolitica.com.mx\/index.php\/wp-json\/wp\/v2\/posts\/57043\/revisions\/57045"}],"wp:featuredmedia":[{"embeddable":true,"href":"https:\/\/bambapolitica.com.mx\/index.php\/wp-json\/wp\/v2\/media\/57044"}],"wp:attachment":[{"href":"https:\/\/bambapolitica.com.mx\/index.php\/wp-json\/wp\/v2\/media?parent=57043"}],"wp:term":[{"taxonomy":"category","embeddable":true,"href":"https:\/\/bambapolitica.com.mx\/index.php\/wp-json\/wp\/v2\/categories?post=57043"},{"taxonomy":"post_tag","embeddable":true,"href":"https:\/\/bambapolitica.com.mx\/index.php\/wp-json\/wp\/v2\/tags?post=57043"}],"curies":[{"name":"wp","href":"https:\/\/api.w.org\/{rel}","templated":true}]}}