{"id":57046,"date":"2023-02-27T10:39:29","date_gmt":"2023-02-27T16:39:29","guid":{"rendered":"http:\/\/bambapolitica.com.mx\/?p=57046"},"modified":"2023-02-27T10:39:31","modified_gmt":"2023-02-27T16:39:31","slug":"carambola-en-el-libramiento-bicentenario-deja-al-menos-21-heridos-y-2-muertos","status":"publish","type":"post","link":"https:\/\/bambapolitica.com.mx\/index.php\/2023\/02\/27\/carambola-en-el-libramiento-bicentenario-deja-al-menos-21-heridos-y-2-muertos\/","title":{"rendered":"Carambola en el libramiento Bicentenario deja al menos 21 heridos y 2 muertos"},"content":{"rendered":"\n<p>Lunes,27 de Febrero del 2023<\/p>\n\n\n\n<p>Al menos nueve vehiculos se vieron involucrados en el accidente que se registr\u00f3 en el Estado de M\u00e9xico.<br>Durante las primeras horas de este lunes, once veh\u00edculos se vieron envueltos en una carambola sobre el Libramiento Bicentenario a la altura de municipio de Lerma, en el Estado de M\u00e9xico, donde se vieron involucrados cuatro autos particulares, un trailer de doble remolque, tres camiones pasajeros de l\u00edneas Flecha Roja, Omnib\u00fas y ETN y camiones de carga<\/p>\n\n\n\n<p>Hay un saldo preliminar de dos personas fallecidas y varios heridos, el accidente ocurri\u00f3 entre las 5:30 y 6:00 de la ma\u00f1ana, en el l\u00edmite de Lerma y Toluca con direcci\u00f3n a municipo de Lerma.<\/p>\n\n\n\n<p>Presuntamente, la cantidad de neblina registrada fue el motivo del choque<\/p>\n\n\n\n<p>se registr\u00f3 a la altura del paraje conocido como \u201cel Cerrillo Vistahermosa\u201d en direcci\u00f3n al municipio de Lerma, cuando las unidades mencionadas chocaron entre s\u00ed.<br>Elementos de la Secretar\u00eda de Seguridad del Estado de M\u00e9xico (SSEM), miembros de Protecci\u00f3n Civil de diferentes municipios aleda\u00f1os, como Toluca, Metepec, Lerma y Ocoyocac, as\u00ed como param\u00e9dicos de Cruz Roja y del Servicio de Urgencias del Estado de M\u00e9xico (SUEM) acudieron para brindar apoyo en la emergencia.<\/p>\n\n\n\n<p>Adem\u00e1s, estuvo presente un helic\u00f3ptero del Grupo Rel\u00e1mpagos, que tambi\u00e9n asisti\u00f3 para brindar ayuda en la emergencia, y se encargo del traslado de una v\u00edctima a un hospital del municipio de Toluca.<br>Por ahora y de manera preliminar se indica que este accidente habr\u00eda dejado un saldo de dos personas fallecidas y al menos 21 personas lesionadas.<\/p>\n\n\n\n<p>El personal de emergencia, protecci\u00f3n civil y autoridades del Estado de M\u00e9xico contin\u00faa realizando trabajos, por lo que la vialidad se encuentra paralizada en su totalidad.<\/p>\n","protected":false},"excerpt":{"rendered":"<p>Lunes,27 de Febrero del 2023 Al menos nueve vehiculos se vieron involucrados en el accidente&#8230;<\/p>\n","protected":false},"author":3,"featured_media":57047,"comment_status":"closed","ping_status":"closed","sticky":false,"template":"","format":"standard","meta":{"footnotes":""},"categories":[4],"tags":[],"class_list":["post-57046","post","type-post","status-publish","format-standard","has-post-thumbnail","hentry","category-noticias-del-dia"],"_links":{"self":[{"href":"https:\/\/bambapolitica.com.mx\/index.php\/wp-json\/wp\/v2\/posts\/57046","targetHints":{"allow":["GET"]}}],"collection":[{"href":"https:\/\/bambapolitica.com.mx\/index.php\/wp-json\/wp\/v2\/posts"}],"about":[{"href":"https:\/\/bambapolitica.com.mx\/index.php\/wp-json\/wp\/v2\/types\/post"}],"author":[{"embeddable":true,"href":"https:\/\/bambapolitica.com.mx\/index.php\/wp-json\/wp\/v2\/users\/3"}],"replies":[{"embeddable":true,"href":"https:\/\/bambapolitica.com.mx\/index.php\/wp-json\/wp\/v2\/comments?post=57046"}],"version-history":[{"count":1,"href":"https:\/\/bambapolitica.com.mx\/index.php\/wp-json\/wp\/v2\/posts\/57046\/revisions"}],"predecessor-version":[{"id":57048,"href":"https:\/\/bambapolitica.com.mx\/index.php\/wp-json\/wp\/v2\/posts\/57046\/revisions\/57048"}],"wp:featuredmedia":[{"embeddable":true,"href":"https:\/\/bambapolitica.com.mx\/index.php\/wp-json\/wp\/v2\/media\/57047"}],"wp:attachment":[{"href":"https:\/\/bambapolitica.com.mx\/index.php\/wp-json\/wp\/v2\/media?parent=57046"}],"wp:term":[{"taxonomy":"category","embeddable":true,"href":"https:\/\/bambapolitica.com.mx\/index.php\/wp-json\/wp\/v2\/categories?post=57046"},{"taxonomy":"post_tag","embeddable":true,"href":"https:\/\/bambapolitica.com.mx\/index.php\/wp-json\/wp\/v2\/tags?post=57046"}],"curies":[{"name":"wp","href":"https:\/\/api.w.org\/{rel}","templated":true}]}}