{"id":57049,"date":"2023-02-27T10:42:57","date_gmt":"2023-02-27T16:42:57","guid":{"rendered":"http:\/\/bambapolitica.com.mx\/?p=57049"},"modified":"2023-02-27T10:43:00","modified_gmt":"2023-02-27T16:43:00","slug":"amlo-hablara-por-telefono-con-elon-musk-por-planta-de-tesla","status":"publish","type":"post","link":"https:\/\/bambapolitica.com.mx\/index.php\/2023\/02\/27\/amlo-hablara-por-telefono-con-elon-musk-por-planta-de-tesla\/","title":{"rendered":"AMLO hablar\u00e1 por tel\u00e9fono con Elon Musk por planta de Tesla"},"content":{"rendered":"\n<p>Lunes,27 de Febrero del 2023<\/p>\n\n\n\n<p>El prsidente de M\u00e9xico pidi\u00f3 permiso a los reporteros para finalizar la conferencia matutina antes de tiempo, con el fin de llegar a tiempo a la cita de hoy con el due\u00f1o de Tesla.<\/p>\n\n\n\n<p><br>El presidente de M\u00e9xico, Andr\u00e9s Manuel L\u00f3pez Obrador, pidi\u00f3 permiso a los reporteros que asisten cada d\u00eda a la conferencia celebrada en Palacio Nacional para tomar una llamada con el due\u00f1o de Tesla, la empresa estadounidense que podr\u00eda instalarse en M\u00e9xico en pr\u00f3ximas fechas.<\/p>\n\n\n\n<p>&#8220;Tengo una llamada. Si les digo con qui\u00e9n, \u00bfme dejan ir? Con el due\u00f1o de Tesla, y quiero estar puntual, es en teleconferencia, y ya ma\u00f1ana les platico, \u00a1ah\u00ed nos vemos!&#8221;.<br>En septiembre del a\u00f1o 2022 Telediario y Milenio dieron a conocer que Tesla hab\u00eda decidido que Nuevo Le\u00f3n ser\u00eda el estado mexicano en donde se instalar\u00eda Tesla.<\/p>\n\n\n\n<p>En esa fecha el secretario de Econom\u00eda de Nuevo Le\u00f3n, Iv\u00e1n Rivas, inform\u00f3 que la compa\u00f1\u00eda puso a este estado entre sus proveedores, adem\u00e1s, garantiz\u00f3 que la entidad est\u00e1 preparada y equipada para recibir la oleada de flujo de Inversi\u00f3n Extranejera Directa.<\/p>\n\n\n\n<p>\u201cTenemos infraestructura f\u00edsica, capital humano, cercan\u00eda geogr\u00e1fica con el mercado m\u00e1s grande e importante en el mundo, los Estados Unidos, hay tierra disponible para desarrollo de naves industriales, oficinas y vivienda; adem\u00e1s de gas natural, energ\u00eda y agua\u201d, mencion\u00f3.<\/p>\n\n\n\n<p><br>Por otra parte el gobierno federal ha afirmado que presentar\u00e1 a Elon Musk, presidente y fundador de Tesla, mejores opciones porque en Nuevo Le\u00f3n &#8220;no hay agua&#8221;, sin embargo, es una declaraci\u00f3n que ha rechazado el gobernador Samuel Garc\u00eda y, por el contario, ha insistido en que en este estado &#8220;s\u00ed hay agua&#8221;.<\/p>\n\n\n\n<p>Adem\u00e1s de Nuevo Le\u00f3n, gobernadores de Michoac\u00e1n, Hidalgo, Coahuila, Veracruz, Tamaulipas, Tabasco, Puebla y Durango, han ofrecido las entidades para que Tesla se instale.<\/p>\n\n\n\n<p><br>La empresa estadunidense Tesla tiene su sede en Austin, Texas, y se encarga de dise\u00f1ar, fabricar y vender autos el\u00e9ctricos, componentes para la propulsi\u00f3n para los coches, techos solares, instalaciones solares fotovoltaicas y bater\u00edas dom\u00e9sticas.<\/p>\n","protected":false},"excerpt":{"rendered":"<p>Lunes,27 de Febrero del 2023 El prsidente de M\u00e9xico pidi\u00f3 permiso a los reporteros para&#8230;<\/p>\n","protected":false},"author":3,"featured_media":57050,"comment_status":"closed","ping_status":"closed","sticky":false,"template":"","format":"standard","meta":{"footnotes":""},"categories":[4],"tags":[],"class_list":["post-57049","post","type-post","status-publish","format-standard","has-post-thumbnail","hentry","category-noticias-del-dia"],"_links":{"self":[{"href":"https:\/\/bambapolitica.com.mx\/index.php\/wp-json\/wp\/v2\/posts\/57049","targetHints":{"allow":["GET"]}}],"collection":[{"href":"https:\/\/bambapolitica.com.mx\/index.php\/wp-json\/wp\/v2\/posts"}],"about":[{"href":"https:\/\/bambapolitica.com.mx\/index.php\/wp-json\/wp\/v2\/types\/post"}],"author":[{"embeddable":true,"href":"https:\/\/bambapolitica.com.mx\/index.php\/wp-json\/wp\/v2\/users\/3"}],"replies":[{"embeddable":true,"href":"https:\/\/bambapolitica.com.mx\/index.php\/wp-json\/wp\/v2\/comments?post=57049"}],"version-history":[{"count":1,"href":"https:\/\/bambapolitica.com.mx\/index.php\/wp-json\/wp\/v2\/posts\/57049\/revisions"}],"predecessor-version":[{"id":57051,"href":"https:\/\/bambapolitica.com.mx\/index.php\/wp-json\/wp\/v2\/posts\/57049\/revisions\/57051"}],"wp:featuredmedia":[{"embeddable":true,"href":"https:\/\/bambapolitica.com.mx\/index.php\/wp-json\/wp\/v2\/media\/57050"}],"wp:attachment":[{"href":"https:\/\/bambapolitica.com.mx\/index.php\/wp-json\/wp\/v2\/media?parent=57049"}],"wp:term":[{"taxonomy":"category","embeddable":true,"href":"https:\/\/bambapolitica.com.mx\/index.php\/wp-json\/wp\/v2\/categories?post=57049"},{"taxonomy":"post_tag","embeddable":true,"href":"https:\/\/bambapolitica.com.mx\/index.php\/wp-json\/wp\/v2\/tags?post=57049"}],"curies":[{"name":"wp","href":"https:\/\/api.w.org\/{rel}","templated":true}]}}