{"id":57064,"date":"2023-02-27T11:07:50","date_gmt":"2023-02-27T17:07:50","guid":{"rendered":"http:\/\/bambapolitica.com.mx\/?p=57064"},"modified":"2023-02-27T11:07:51","modified_gmt":"2023-02-27T17:07:51","slug":"hombre-muere-atropellado-por-un-trailer-en-nezahualcoyotl-edomex","status":"publish","type":"post","link":"https:\/\/bambapolitica.com.mx\/index.php\/2023\/02\/27\/hombre-muere-atropellado-por-un-trailer-en-nezahualcoyotl-edomex\/","title":{"rendered":"Hombre muere atropellado por un tr\u00e1iler en Nezahualc\u00f3yotl, Edomex"},"content":{"rendered":"\n<p>Lunes,27 de Febrero del 2023<\/p>\n\n\n\n<p>El hombre, que viv\u00eda en situaci\u00f3n vulnerable, se encontraba en el camell\u00f3n que divide Perif\u00e9rico R\u00edo de los Remedios a la altura de la avenida Le\u00f3n de los Aldama, en el Estado de M\u00e9xico.<br>Un hombre que viv\u00eda en situaci\u00f3n vulnerable, muri\u00f3 luego de ser atropellado por un tr\u00e1iler en&nbsp;Perif\u00e9rico R\u00edo de los Remedios, a la altura de la avenida Le\u00f3n de los Aldama,&nbsp;que delimita geogr\u00e1ficamente el Estado de M\u00e9xico y la Ciudad de M\u00e9xico.<\/p>\n\n\n\n<p>En el cruce de ambas vialidades se encontraba un tr\u00e1iler que estaba en alto total debido a la luz roja del sem\u00e1foro, cuando de pronto el hombre de 42 a\u00f1os intent\u00f3 pasar por debajo de la caja del tr\u00e1iler,&nbsp;pero justo en ese momento la luz verde del sem\u00e1foro se activ\u00f3 y la unidad de carga avanz\u00f3 atropellando al sujeto.<br>Al percatarse de lo que ocurr\u00eda, el operador fren\u00f3 y detuvo la marcha, inmediatamente Polic\u00edas del Municipio de Ecatepec que se encontraban en la zona pidieron el apoyo de param\u00e9dicos, quienes certificaron que el hombre ya no contaba con signos vitales, por lo que diagnosticaron que muri\u00f3 por aplastamiento.<\/p>\n\n\n\n<p>Tras los hechos, los uniformados dieron aviso a peritos de la Fiscal\u00eda General de Justicia del Estado de M\u00e9xico, quienes luego de realizar las diligencias correspondientes y el levantamiento del cad\u00e1ver, se retiraron para trasladar el cuerpo al anfiteatro correspondiente.<br>El operador de la pesada unidad fue llevado ante el Ministerio P\u00fablico de la Entidad Mexiquense, donde durante las pr\u00f3ximas horas se determinar\u00e1 su situaci\u00f3n Jur\u00eddica.<br>Al percatarse de lo que ocurr\u00eda, el operador fren\u00f3 y detuvo la marcha, inmediatamente Polic\u00edas del Municipio de Ecatepec que se encontraban en la zona pidieron el apoyo de param\u00e9dicos, quienes certificaron que el hombre ya no contaba con signos vitales, por lo que diagnosticaron que muri\u00f3 por aplastamiento.<\/p>\n\n\n\n<p>Tras los hechos, los uniformados dieron aviso a peritos de la Fiscal\u00eda General de Justicia del Estado de M\u00e9xico, quienes luego de realizar las diligencias correspondientes y el levantamiento del cad\u00e1ver, se retiraron para trasladar el cuerpo al anfiteatro correspondiente.<br>El operador de la pesada unidad fue llevado ante el Ministerio P\u00fablico de la Entidad Mexiquense, donde durante las pr\u00f3ximas horas se determinar\u00e1 su situaci\u00f3n Jur\u00eddica.<\/p>\n","protected":false},"excerpt":{"rendered":"<p>Lunes,27 de Febrero del 2023 El hombre, que viv\u00eda en situaci\u00f3n vulnerable, se encontraba en&#8230;<\/p>\n","protected":false},"author":3,"featured_media":57065,"comment_status":"closed","ping_status":"closed","sticky":false,"template":"","format":"standard","meta":{"footnotes":""},"categories":[2],"tags":[],"class_list":["post-57064","post","type-post","status-publish","format-standard","has-post-thumbnail","hentry","category-policiaca"],"_links":{"self":[{"href":"https:\/\/bambapolitica.com.mx\/index.php\/wp-json\/wp\/v2\/posts\/57064","targetHints":{"allow":["GET"]}}],"collection":[{"href":"https:\/\/bambapolitica.com.mx\/index.php\/wp-json\/wp\/v2\/posts"}],"about":[{"href":"https:\/\/bambapolitica.com.mx\/index.php\/wp-json\/wp\/v2\/types\/post"}],"author":[{"embeddable":true,"href":"https:\/\/bambapolitica.com.mx\/index.php\/wp-json\/wp\/v2\/users\/3"}],"replies":[{"embeddable":true,"href":"https:\/\/bambapolitica.com.mx\/index.php\/wp-json\/wp\/v2\/comments?post=57064"}],"version-history":[{"count":1,"href":"https:\/\/bambapolitica.com.mx\/index.php\/wp-json\/wp\/v2\/posts\/57064\/revisions"}],"predecessor-version":[{"id":57066,"href":"https:\/\/bambapolitica.com.mx\/index.php\/wp-json\/wp\/v2\/posts\/57064\/revisions\/57066"}],"wp:featuredmedia":[{"embeddable":true,"href":"https:\/\/bambapolitica.com.mx\/index.php\/wp-json\/wp\/v2\/media\/57065"}],"wp:attachment":[{"href":"https:\/\/bambapolitica.com.mx\/index.php\/wp-json\/wp\/v2\/media?parent=57064"}],"wp:term":[{"taxonomy":"category","embeddable":true,"href":"https:\/\/bambapolitica.com.mx\/index.php\/wp-json\/wp\/v2\/categories?post=57064"},{"taxonomy":"post_tag","embeddable":true,"href":"https:\/\/bambapolitica.com.mx\/index.php\/wp-json\/wp\/v2\/tags?post=57064"}],"curies":[{"name":"wp","href":"https:\/\/api.w.org\/{rel}","templated":true}]}}