{"id":57070,"date":"2023-02-27T11:21:07","date_gmt":"2023-02-27T17:21:07","guid":{"rendered":"http:\/\/bambapolitica.com.mx\/?p=57070"},"modified":"2023-02-27T11:21:09","modified_gmt":"2023-02-27T17:21:09","slug":"protocolo-de-irlanda-del-norte-el-escollo-mas-duro-del-brexit","status":"publish","type":"post","link":"https:\/\/bambapolitica.com.mx\/index.php\/2023\/02\/27\/protocolo-de-irlanda-del-norte-el-escollo-mas-duro-del-brexit\/","title":{"rendered":"Protocolo de Irlanda del Norte, el escollo m\u00e1s duro del \u201cbrexit\u201d"},"content":{"rendered":"\n<p>Lunes,27 de Febrero del 2023<\/p>\n\n\n\n<p>El Protocolo de Irlanda del Norte deber\u00eda despejar la relaci\u00f3n post-Brexit entre la Uni\u00f3n Europea y el Reino Unido<br>La presidenta de la Comisi\u00f3n Europea, Ursula von der Leyen, y el primer ministro brit\u00e1nico, Rishi Sunak, han cerrado este lunes el acuerdo sobre el controvertido Protocolo de Irlanda del Norte, que deber\u00eda despejar la relaci\u00f3n post-Brexit entre la Uni\u00f3n Europea y el Reino Unido.<br>La situaci\u00f3n particular de Irlanda del Norte, territorio del Reino Unido y frontera con la Rep\u00fablica de Irlanda, miembro de la UE, ha sido uno de los escollos m\u00e1s importantes en las negociaciones entre el gobierno de Londres y los Veintisiete para lograr el acuerdo del Brexit.<\/p>\n\n\n\n<p>Fechas m\u00e1s relevantes en el proceso desde la consulta:<\/p>\n\n\n\n<p>23.06.2016.- En el refer\u00e9ndum sobre el Brexit, el electorado norirland\u00e9s vota por continuar en la UE con un 55.78 por ciento.<\/p>\n\n\n\n<p>08.12.2017.- El Reino Unido y la UE alcanzan un acuerdo que propone que las dos jurisdicciones de la isla no tendr\u00e1n divergencias reguladoras tras su divorcio y protege el acuerdo de paz de Viernes Santo.<\/p>\n\n\n\n<p>17.10.2019.- Firma del acuerdo de salida de la UE. La UE y el Reino Unido firman el Acuerdo de Salida o de Retirada que incluye el mecanismo de seguridad llamado Protocolo Irland\u00e9s, por el que Irlanda del Norte se mantiene alineada con ciertas normas al mercado \u00fanico europeo pero formar\u00e1 parte del territorio aduanero del Reino Unido, por lo que los controles a los bienes se efectuar\u00e1n en el punto de entrada a ese territorio brit\u00e1nico y no en la Rep\u00fablica de Irlanda.<\/p>\n\n\n\n<p>20.12.2019.- El Parlamento brit\u00e1nico aprueba el acuerdo de salida del Reino Unido de la UE.<\/p>\n\n\n\n<p>01.02.2020.- Entra en vigor el Protocolo para Irlanda del Norte, incluido en el Acuerdo de salida.<\/p>\n\n\n\n<p>08.09.2020.- El ministro brit\u00e1nico para Irlanda del Norte, Brandon Lewis, admite que el proyecto de Ley del Mercado Interno con el que el Ejecutivo brit\u00e1nico prev\u00e9 modificar ciertas disposiciones pactadas con la UE, \u201cviola el derecho internacional\u201d.<\/p>\n\n\n\n<p>Acuerdo comercial 24.12.2020.- UE y Reino Unido alcanzan un hist\u00f3rico acuerdo comercial y de cooperaci\u00f3n para un Brexit ordenado, que Irlanda del Norte acoge con alivio.<\/p>\n\n\n\n<p>31.12.2020.- Se cierran definitivamente los 47 a\u00f1os del Reino Unido en el club comunitario. Se inicia la era \u201cposbrexit\u201d.<\/p>\n\n\n\n<p>13.01.2021.- Los tr\u00e1mites burocr\u00e1ticos para controlar los bienes que llegan a Irlanda del Norte desde el resto del Reino Unido provocan desabastecimiento en los supermercados norirlandeses.<\/p>\n\n\n\n<p>Controles aduaneros 03.02.2021.- Reino Unido reclama a la UE extender hasta 2023 las medidas temporales pactadas para minimizar los controles en Irlanda del Norte.<\/p>\n\n\n\n<p>03.03.2021.- De forma sorpresiva, Londres anuncia que desde el 1 de abril hasta el 1 de octubre no aplicar\u00e1 controles aduaneros fronterizos a las mercanc\u00edas desde Gran Breta\u00f1a a Irlanda del Norte.<\/p>\n\n\n\n<p>15.03.2021.- La CE anuncia la apertura de un procedimiento de infracci\u00f3n contra el Reino Unido por incumplimiento del acuerdo del Brexit.<\/p>\n\n\n\n<p>Junio 2021.- Aplicaci\u00f3n del protocolo irland\u00e9s que proh\u00edbe la importaci\u00f3n a Irlanda del Norte de carne refrigeradas desde el Reino Unido, origen de la conocida como \u201cguerra de las salchichas\u201d.<\/p>\n\n\n\n<p>06.09.2021.\u2013 Reino Unido aplaza unilateralmente por tercera vez los controles aduaneros pos-brexit en Irlanda del Norte.<\/p>\n\n\n\n<p>15.10.2021.- La CE y el Gobierno brit\u00e1nico inician negociaciones para retocar el Protocolo para Irlanda del Norte.<\/p>\n\n\n\n<p>05.11.2021.- La CE advierte al Reinoo Unido de las \u201cgraves consecuencias\u201d si opta por suspender de manera unilateral el protocolo irland\u00e9s, ello debido a las amenazas del Reino Unido a la UE con activar el art\u00edculo 16 que permite la suspensi\u00f3n de manera unilateral de algunas partes del citado protocolo.<\/p>\n\n\n\n<p>02.02.2022.- Irlanda del Norte suspende los controles aduaneros del Brexit acordados por el Reino Unido y la UE. Al d\u00eda siguiente dimite el ministro principal, el unionista Paul Givan.<\/p>\n\n\n\n<p>05.05.2022.- Hist\u00f3rica victoria del Sinn Fein en las auton\u00f3micas de Irlanda del Norte. El Partido Democr\u00e1tico Unionista (DUP) reitera que no formar\u00e1 gobierno con los republicanos si no se elimina el protocolo del Brexit para la regi\u00f3n.<\/p>\n\n\n\n<p>28.06.2022.- El Parlamento brit\u00e1nico respalda la ley presentada por Johnson para alterar unilateralmente el Protocolo para Irlanda del Norte.<\/p>\n\n\n\n<p>Llegada de Sunak 07.07.2022.- Dimite Boris Johnson. En octubre es sustituido por Rishi Sunak, que fue su ministro de Econom\u00eda.<\/p>\n\n\n\n<p>13.07.2022.- La CE da 235 millones euros a nuevo programa por la paz entre las dos Irlandas.<\/p>\n\n\n\n<p>22.07.2022.- Bruselas abre cuatro expedientes a Londres por no aplicar protocolo irland\u00e9s<\/p>\n\n\n\n<p>10.11.2022.- Sunak, pide a su hom\u00f3logo irland\u00e9s, Miche\u00e1l Martin, que muestre \u201cflexibilidad y pragmatismo\u201d para resolver el contencioso sobre el Protocolo para Irlanda del Norte incluido en el acuerdo del Brexit.<\/p>\n\n\n\n<p>23.11.2022.- Londres aspira a \u201celiminar barreras f\u00edsicas al comercio\u201d entre RU y la UE levantadas tras el Brexit.<\/p>\n\n\n\n<p>08.02.2023.- La Corte Suprema brit\u00e1nica considera que el Protocolo del Brexit para Irlanda del Norte es legal, el pronunciamiento se debe a un recurso presentado por pol\u00edticos protestantes unionistas probrit\u00e1nicos. De igual manera se pronunciaron antes el Tribunal Superior de Belfast, en 2021 y el Tribunal de Apelaciones de Irlanda del Norte en 2022.<\/p>\n\n\n\n<p>16.02.2023.- El primer ministro brit\u00e1nico Sunak, viaja a Belfast, junto con su ministro para Irlanda del Norte, Chris Heaton-Harris.<\/p>\n","protected":false},"excerpt":{"rendered":"<p>Lunes,27 de Febrero del 2023 El Protocolo de Irlanda del Norte deber\u00eda despejar la relaci\u00f3n&#8230;<\/p>\n","protected":false},"author":3,"featured_media":57071,"comment_status":"closed","ping_status":"closed","sticky":false,"template":"","format":"standard","meta":{"footnotes":""},"categories":[5],"tags":[],"class_list":["post-57070","post","type-post","status-publish","format-standard","has-post-thumbnail","hentry","category-internacional"],"_links":{"self":[{"href":"https:\/\/bambapolitica.com.mx\/index.php\/wp-json\/wp\/v2\/posts\/57070","targetHints":{"allow":["GET"]}}],"collection":[{"href":"https:\/\/bambapolitica.com.mx\/index.php\/wp-json\/wp\/v2\/posts"}],"about":[{"href":"https:\/\/bambapolitica.com.mx\/index.php\/wp-json\/wp\/v2\/types\/post"}],"author":[{"embeddable":true,"href":"https:\/\/bambapolitica.com.mx\/index.php\/wp-json\/wp\/v2\/users\/3"}],"replies":[{"embeddable":true,"href":"https:\/\/bambapolitica.com.mx\/index.php\/wp-json\/wp\/v2\/comments?post=57070"}],"version-history":[{"count":1,"href":"https:\/\/bambapolitica.com.mx\/index.php\/wp-json\/wp\/v2\/posts\/57070\/revisions"}],"predecessor-version":[{"id":57072,"href":"https:\/\/bambapolitica.com.mx\/index.php\/wp-json\/wp\/v2\/posts\/57070\/revisions\/57072"}],"wp:featuredmedia":[{"embeddable":true,"href":"https:\/\/bambapolitica.com.mx\/index.php\/wp-json\/wp\/v2\/media\/57071"}],"wp:attachment":[{"href":"https:\/\/bambapolitica.com.mx\/index.php\/wp-json\/wp\/v2\/media?parent=57070"}],"wp:term":[{"taxonomy":"category","embeddable":true,"href":"https:\/\/bambapolitica.com.mx\/index.php\/wp-json\/wp\/v2\/categories?post=57070"},{"taxonomy":"post_tag","embeddable":true,"href":"https:\/\/bambapolitica.com.mx\/index.php\/wp-json\/wp\/v2\/tags?post=57070"}],"curies":[{"name":"wp","href":"https:\/\/api.w.org\/{rel}","templated":true}]}}