{"id":57076,"date":"2023-02-27T11:28:47","date_gmt":"2023-02-27T17:28:47","guid":{"rendered":"http:\/\/bambapolitica.com.mx\/?p=57076"},"modified":"2023-02-27T11:28:49","modified_gmt":"2023-02-27T17:28:49","slug":"la-ue-y-reino-unido-alcanzan-un-acuerdo-sobre-irlanda-del-norte","status":"publish","type":"post","link":"https:\/\/bambapolitica.com.mx\/index.php\/2023\/02\/27\/la-ue-y-reino-unido-alcanzan-un-acuerdo-sobre-irlanda-del-norte\/","title":{"rendered":"La UE y Reino Unido alcanzan un acuerdo sobre Irlanda del Norte"},"content":{"rendered":"\n<p>Lunes,27 de Febrero del 2023<\/p>\n\n\n\n<p>El acuerdo sobre Irlanda del Norte culmina las negociaciones entre el primer ministro brit\u00e1nico, Rishi Sunak, y la presidenta de la CE, Ursula von der Leyen<br>La Uni\u00f3n Europea (UE) y Reino Unido alcanzaron un acuerdo sobre el controvertido Protocolo de Irlanda del Norte, informaron fuentes del Gobierno brit\u00e1nico.<\/p>\n\n\n\n<p>El acuerdo culmina las negociaciones entre el primer ministro brit\u00e1nico, Rishi Sunak, y la presidenta de la Comisi\u00f3n Europea (CE), Ursula von der Leyen, en la localidad de Windsor (al este de Londres), seg\u00fan inform\u00f3 una fuente oficial del Ejecutivo de Reino Unido a medios brit\u00e1nicos.<br>Est\u00e1 previsto que ambos l\u00edderes ofrezcan una rueda de prensa conjunta para formalizar el pacto, que culmina a\u00f1os de negociaciones y deber\u00eda allanar el camino para la futura relaci\u00f3n pos-Brexit entre la UE y Reino Unido.<\/p>\n\n\n\n<p>Posteriormente, Von der Leyen ser\u00e1 recibida en el aleda\u00f1o castillo de Windsor por el rey Carlos III, seg\u00fan anunci\u00f3 el Palacio de Buckingham.<\/p>\n\n\n\n<p>Tras haber informado a su gabinete de los t\u00e9rminos del acuerdo, Sunak comparecer\u00e1 ante la C\u00e1mara de los Comunes (Baja) del Parlamento brit\u00e1nico para ofrecer detalles y enfrentarse a las preguntas de los diputados.<\/p>\n\n\n\n<p>Se desconoce todav\u00eda si el pacto ser\u00e1 sometido a votaci\u00f3n en el Parlamento, algo que ha sido reclamado por muchos parlamentarios del propio Partido Conservador de Sunak.<\/p>\n\n\n\n<p>Tras cerrar las negociaciones con Von der Leyen, el primer ministro afronta el desaf\u00edo de convencer al ala pro-Brexit de su partido y al Partido Democr\u00e1tico Unionista (DUP), que han mostrado las principales reticencias.<\/p>\n\n\n\n<p>Las \u00faltimas se\u00f1ales apuntan a que Sunak puede contar con el respaldo de algunas de las voces m\u00e1s cualificadas de los \u201ctories\u201d euroesc\u00e9pticos, como la del secretario de Estado para Irlanda del Norte, Steve Baker, si bien otros pesos pesados del partido, como el ex primer ministro Boris Johnson, a\u00fan no se han pronunciado.<\/p>\n\n\n\n<p>En virtud del actual protocolo, Irlanda del Norte queda dentro del mercado interior comunitario y brit\u00e1nico, por lo que los controles al comercio entre Reino Unido y la UE se efect\u00faan entre la isla de Gran Breta\u00f1a y la de Irlanda, lo que evita levantar una frontera f\u00edsica entre las dos Irlandas y permite no perjudicar el acuerdo de paz del Viernes Santo, de 1998.<\/p>\n\n\n\n<p>Esa frontera comercial, situada en el mar de Irlanda, ha creado tambi\u00e9n problemas pol\u00edticos entre los unionistas, pues consideran que da\u00f1a su relaci\u00f3n con el resto de Reino Unido.<\/p>\n\n\n\n<p>Una de las dudas reside en si el DUP aceptar\u00e1 restablecer el Ejecutivo auton\u00f3mico norirland\u00e9s, paralizado desde el a\u00f1o pasado, despu\u00e9s de que el nacionalista Sinn F\u00e9in ganara las elecciones auton\u00f3micas y la formaci\u00f3n unionista, segunda m\u00e1s votada, rechazase incorporarse al Gobierno como estipula el Acuerdo de Viernes Santo.<\/p>\n","protected":false},"excerpt":{"rendered":"<p>Lunes,27 de Febrero del 2023 El acuerdo sobre Irlanda del Norte culmina las negociaciones entre&#8230;<\/p>\n","protected":false},"author":3,"featured_media":57077,"comment_status":"closed","ping_status":"closed","sticky":false,"template":"","format":"standard","meta":{"footnotes":""},"categories":[5],"tags":[],"class_list":["post-57076","post","type-post","status-publish","format-standard","has-post-thumbnail","hentry","category-internacional"],"_links":{"self":[{"href":"https:\/\/bambapolitica.com.mx\/index.php\/wp-json\/wp\/v2\/posts\/57076","targetHints":{"allow":["GET"]}}],"collection":[{"href":"https:\/\/bambapolitica.com.mx\/index.php\/wp-json\/wp\/v2\/posts"}],"about":[{"href":"https:\/\/bambapolitica.com.mx\/index.php\/wp-json\/wp\/v2\/types\/post"}],"author":[{"embeddable":true,"href":"https:\/\/bambapolitica.com.mx\/index.php\/wp-json\/wp\/v2\/users\/3"}],"replies":[{"embeddable":true,"href":"https:\/\/bambapolitica.com.mx\/index.php\/wp-json\/wp\/v2\/comments?post=57076"}],"version-history":[{"count":1,"href":"https:\/\/bambapolitica.com.mx\/index.php\/wp-json\/wp\/v2\/posts\/57076\/revisions"}],"predecessor-version":[{"id":57078,"href":"https:\/\/bambapolitica.com.mx\/index.php\/wp-json\/wp\/v2\/posts\/57076\/revisions\/57078"}],"wp:featuredmedia":[{"embeddable":true,"href":"https:\/\/bambapolitica.com.mx\/index.php\/wp-json\/wp\/v2\/media\/57077"}],"wp:attachment":[{"href":"https:\/\/bambapolitica.com.mx\/index.php\/wp-json\/wp\/v2\/media?parent=57076"}],"wp:term":[{"taxonomy":"category","embeddable":true,"href":"https:\/\/bambapolitica.com.mx\/index.php\/wp-json\/wp\/v2\/categories?post=57076"},{"taxonomy":"post_tag","embeddable":true,"href":"https:\/\/bambapolitica.com.mx\/index.php\/wp-json\/wp\/v2\/tags?post=57076"}],"curies":[{"name":"wp","href":"https:\/\/api.w.org\/{rel}","templated":true}]}}