{"id":57079,"date":"2023-02-27T11:32:40","date_gmt":"2023-02-27T17:32:40","guid":{"rendered":"http:\/\/bambapolitica.com.mx\/?p=57079"},"modified":"2023-02-28T11:37:48","modified_gmt":"2023-02-28T17:37:48","slug":"nueva-york-conmemora-el-30-aniversario-del-primer-atentado-contra-el-wtc","status":"publish","type":"post","link":"https:\/\/bambapolitica.com.mx\/index.php\/2023\/02\/27\/nueva-york-conmemora-el-30-aniversario-del-primer-atentado-contra-el-wtc\/","title":{"rendered":"Nueva York conmemora el 30 aniversario del primer atentado contra el WTC"},"content":{"rendered":"\n<p>martes, 28 de febrero de 2023<\/p>\n\n\n\n<p>Este domingo conmemoraron el 30 aniversario del primer atentado contra el WTC de Nueva York, considerado como el \u2018ensayo general del 11-S\u2019<br>Un grupo de familiares de v\u00edctimas y representantes pol\u00edticos conmemoraron hoy el 30 aniversario del primer atentado contra el World Trade Center de Nueva York, perpetrado por una c\u00e9lula de radicales islamistas, y considerado por el FBI como el \u201censayo general\u201d de los ataques del 11 de septiembre de 2001 contra las Torres Gemelas.<\/p>\n\n\n\n<p>Junto a una de las fuentes levantadas en memoria de las v\u00edctimas de los dos atentados ocurridos en 1993 y 2001, en el distrito econ\u00f3mico de Wall Street, en Manhattan, un polic\u00eda dio comienzo a la ceremonia haciendo sonar una campana a las 12.18, la misma hora a la que, hace hoy tres d\u00e9cadas, se produjo la explosi\u00f3n de un veh\u00edculo cargado de explosivos.<br>\u201cEl 26 de febrero de 1993, un grupo de terroristas con ideolog\u00eda parecida a la de Al Qaeda, pero que no eran de Al Qaeda, lanzaron un ataque contra las Torres Gemelas desde el estacionamiento subterr\u00e1neo de la torre norte\u201d en el que murieron seis personas y unas mil resultaron heridas, explica a Efe Gaby Sarmiento, trabajadora del Museo dedicado al 11-S y que se hunde a los pies de los rascacielos de Wall Street.<\/p>\n\n\n\n<p>Junto a una placa que marca el lugar aproximado donde los terroristas ubicaron la camioneta cargada con 550 kilogramos de explosivos, en el antiguo parking B2 de la torre norte, Sarmiento explica que el plan del grupo, autodenominado Ej\u00e9rcito de Liberaci\u00f3n-Quinto Batall\u00f3n, era reventar los cimientos del rascacielos con la intenci\u00f3n de que este se desmoronara sobre la torre sur provocando la ca\u00edda de ambos s\u00edmbolos del progreso econ\u00f3mico de Estados Unidos y por ende del capitalismo occidental.<\/p>\n\n\n\n<p>El ENSAYO GENERAL DEL 11-S<\/p>\n\n\n\n<p>La explosi\u00f3n cre\u00f3 un cr\u00e1ter de casi 30 metros de profundidad, pero fracas\u00f3 en su objetivo. Para el FBI: \u201cel terrorismo de Oriente Medio hab\u00eda llegado a suelo estadounidense\u201d y lo hab\u00eda hecho \u201ccon estruendo\u201d.<\/p>\n\n\n\n<p>Pocos d\u00edas despu\u00e9s del atentado (el 4 de marzo) fue detenido el primer sospechoso, Mohammad Salameh, que hab\u00eda regresado en varias ocasiones a la agencia donde hab\u00eda alquilado la furgoneta con la que perpetraron el ataque para exigir el cobro de del dep\u00f3sito.<\/p>\n\n\n\n<p>Despu\u00e9s, fueron cayendo el resto de los implicados, todos condenados a cadena perpetua, con la excepci\u00f3n del considerado su cabecilla, el paquistan\u00ed Ramzi Yousef, que vol\u00f3 la misma noche del ataque a Pakist\u00e1n, donde fue capturado en 1995, despu\u00e9s de que un antiguo colaborador lo delatara a cambio de la recompensa que se ofrec\u00eda por \u00e9l.<br>Tras ser extraditado a Estados Unidos, Yousef, sobrino del presunto \u201ccerebro\u201d de los atentados del 11-S, Jalid Sheij Mohamed, fue tambi\u00e9n juzgado y sentenciado a cadena perpetua.<\/p>\n\n\n\n<p>Para el FBI \u201cel atentado result\u00f3 ser una especie de ensayo general mortal del 11-S; y con la ayuda del t\u00edo de Yousef, Jalid Sheij Mohamed, Al Qaeda volver\u00eda m\u00e1s tarde a hacer realidad la pesadilla de Yousef\u201d.<\/p>\n\n\n\n<p>EL RECUERDO DE LAS V\u00cdCTIMAS<\/p>\n\n\n\n<p>Sus nombres fueron grabados en una peque\u00f1a fuente erigida aproximadamente sobre el lugar donde hab\u00eda sido detonado el veh\u00edculo. Cinco nombres de hombres y uno de mujer, el de M\u00f3nica Rodr\u00edguez Smith, embarazada de siete meses y que al d\u00eda siguiente empezaba su baja por maternidad.<\/p>\n\n\n\n<p>Pero en el colosal destrozo causado por el atentado terrorista del 11-S tambi\u00e9n se perdieron sus nombres, excepto por una pieza recuperada de la fuente en la que se puede leer el nombre de uno de los fallecidos John (DiGiovanni) y que se expone en el museo del 11-S.<\/p>\n\n\n\n<p>Sus nombres y rostros se pueden ver junto a las fotograf\u00edas y nombres de quienes perdieron la vida ocho a\u00f1os despu\u00e9s. Y tambi\u00e9n se pueden leer en una de las dos fuentes cuadradas que se hunden en el suelo como una sombra donde antes se levantaban los imponentes rascacielos ahora hundidos y que albergan los nombres de todas las v\u00edctimas de los dos atentados.<\/p>\n\n\n\n<p>El museo del 11-S tambi\u00e9n reserva al atentado de 1993 una sala situada al final de su recorrido por la pesadilla del 11-S, donde se mezclan grabaciones de v\u00edctimas desesperadas momentos antes de morir, pertenencias personales halladas entre las ruinas o restos de los edificios y de los aviones que impactaron contra las torres.<\/p>\n\n\n\n<p>No se pueden fotografiar, pero est\u00e1n all\u00ed: el pedazo de la fuente, un resto de pared de ese parking B2 de la torre norte, el computador de uno de los miembros de la c\u00e9lula terrorista, el sobre que enviaron al diario The New York Times para reivindicar el ataque o trozos de la furgoneta que escond\u00eda los ataques.<br>Sarmiento, que confiesa la dureza que supone, en ocasiones, trabajar en este museo, asegura que despu\u00e9s de lo ocurrido en 1993 se ensancharon las escaleras, se marcaron los recorridos hacia las salidas con pintura fluorescente y se marcaron las puertas con la palabra \u201cExit\u201d (Salida), para facilitar la evacuaci\u00f3n: detalles, que, seg\u00fan explica, ayudaron a salvar vidas en los atentados del 11-S.<\/p>\n\n\n\n<p>Tras la breve ceremonia de hoy, que estuvo encabezada por la gobernadora de Nueva York, Kathy Hochul, y el alcalde de la ciudad, Eric Adams, varios familiares de las v\u00edctimas recordaron en voz alta los nombre de los fallecidos y coloraron rosas sobre la placa donde est\u00e1n tallados sus nombres.<\/p>\n","protected":false},"excerpt":{"rendered":"<p>martes, 28 de febrero de 2023 Este domingo conmemoraron el 30 aniversario del primer atentado&#8230;<\/p>\n","protected":false},"author":3,"featured_media":57080,"comment_status":"closed","ping_status":"closed","sticky":false,"template":"","format":"standard","meta":{"footnotes":""},"categories":[5],"tags":[],"class_list":["post-57079","post","type-post","status-publish","format-standard","has-post-thumbnail","hentry","category-internacional"],"_links":{"self":[{"href":"https:\/\/bambapolitica.com.mx\/index.php\/wp-json\/wp\/v2\/posts\/57079","targetHints":{"allow":["GET"]}}],"collection":[{"href":"https:\/\/bambapolitica.com.mx\/index.php\/wp-json\/wp\/v2\/posts"}],"about":[{"href":"https:\/\/bambapolitica.com.mx\/index.php\/wp-json\/wp\/v2\/types\/post"}],"author":[{"embeddable":true,"href":"https:\/\/bambapolitica.com.mx\/index.php\/wp-json\/wp\/v2\/users\/3"}],"replies":[{"embeddable":true,"href":"https:\/\/bambapolitica.com.mx\/index.php\/wp-json\/wp\/v2\/comments?post=57079"}],"version-history":[{"count":2,"href":"https:\/\/bambapolitica.com.mx\/index.php\/wp-json\/wp\/v2\/posts\/57079\/revisions"}],"predecessor-version":[{"id":57140,"href":"https:\/\/bambapolitica.com.mx\/index.php\/wp-json\/wp\/v2\/posts\/57079\/revisions\/57140"}],"wp:featuredmedia":[{"embeddable":true,"href":"https:\/\/bambapolitica.com.mx\/index.php\/wp-json\/wp\/v2\/media\/57080"}],"wp:attachment":[{"href":"https:\/\/bambapolitica.com.mx\/index.php\/wp-json\/wp\/v2\/media?parent=57079"}],"wp:term":[{"taxonomy":"category","embeddable":true,"href":"https:\/\/bambapolitica.com.mx\/index.php\/wp-json\/wp\/v2\/categories?post=57079"},{"taxonomy":"post_tag","embeddable":true,"href":"https:\/\/bambapolitica.com.mx\/index.php\/wp-json\/wp\/v2\/tags?post=57079"}],"curies":[{"name":"wp","href":"https:\/\/api.w.org\/{rel}","templated":true}]}}