{"id":57839,"date":"2023-03-16T09:14:47","date_gmt":"2023-03-16T15:14:47","guid":{"rendered":"http:\/\/bambapolitica.com.mx\/?p=57839"},"modified":"2023-03-16T09:14:52","modified_gmt":"2023-03-16T15:14:52","slug":"elementos-de-la-direccion-de-seguridad-publica-y-transito-municipal-de-valle-de-chalco-reintegraron-al-nucleo-familiar-a-una-menor-de-ocho-anos-de-edad-que-se-encontraba-extraviada","status":"publish","type":"post","link":"https:\/\/bambapolitica.com.mx\/index.php\/2023\/03\/16\/elementos-de-la-direccion-de-seguridad-publica-y-transito-municipal-de-valle-de-chalco-reintegraron-al-nucleo-familiar-a-una-menor-de-ocho-anos-de-edad-que-se-encontraba-extraviada\/","title":{"rendered":"Elementos de la direcci\u00f3n de Seguridad P\u00fablica y Tr\u00e1nsito Municipal de Valle de Chalco, reintegraron al n\u00facleo familiar a una menor de ocho a\u00f1os de edad que se encontraba extraviada."},"content":{"rendered":"\n<p>Jueves, 16 de marzo de 2023<\/p>\n\n\n\n<p>Los elementos de la C\u00e9dula de b\u00fasqueda a cargo de Jos\u00e9 Juan Mart\u00ednez Ram\u00edrez acudieron a la delegaci\u00f3n Concepci\u00f3n para investigar.<\/p>\n\n\n\n<p><br>La encargada del edificio se\u00f1al\u00f3 que la menor de nombre Lidia lleg\u00f3 al edificio solicitando auxilio debido a que no sab\u00eda c\u00f3mo regresar a su casa.<\/p>\n\n\n\n<p><br>Los uniformados activaron el Protocolo Alba para la b\u00fasqueda inmediata de familiares, realizando despliegue Operativo para la localizaci\u00f3n de los familiares.<br>Los uniformados asignados a la C\u00e9dula comenzaron con la b\u00fasqueda de familiares de la menor ubicando horas m\u00e1s tarde a la mam\u00e1 de nombre Rosario &#8220;N&#8221; de 25 a\u00f1os de edad, que dijo que la ni\u00f1a sali\u00f3 a la tienda y no regres\u00f3 a su casa debido a que tienen poco tiempo viviendo en la localidad.<br>Los elementos policiales le indicaron a la madre de la menor sobre las medidas de prevenci\u00f3n, y explic\u00e1ndole que debido a que la menor no fue v\u00edctima de ning\u00fan tipo de delito, por lo que se le lleva al ministerio p\u00fablico para dar la baja del bolet\u00edn generado, y se canaliza al \u00e1rea psicol\u00f3gica.<br>Este es otro caso de \u00e9xito de la c\u00e9dula de b\u00fasqueda, que se sumas las m\u00e1s de una docena que se han tenido en las \u00faltimas semanas, d\u00f3nde ha logrado la ubicaci\u00f3n y reintegraci\u00f3n a los n\u00facleos familiares a las personas reportadas como desaparecidas o ausentes.<\/p>\n","protected":false},"excerpt":{"rendered":"<p>Jueves, 16 de marzo de 2023 Los elementos de la C\u00e9dula de b\u00fasqueda a cargo&#8230;<\/p>\n","protected":false},"author":3,"featured_media":57840,"comment_status":"closed","ping_status":"closed","sticky":false,"template":"","format":"standard","meta":{"footnotes":""},"categories":[4],"tags":[],"class_list":["post-57839","post","type-post","status-publish","format-standard","has-post-thumbnail","hentry","category-noticias-del-dia"],"_links":{"self":[{"href":"https:\/\/bambapolitica.com.mx\/index.php\/wp-json\/wp\/v2\/posts\/57839","targetHints":{"allow":["GET"]}}],"collection":[{"href":"https:\/\/bambapolitica.com.mx\/index.php\/wp-json\/wp\/v2\/posts"}],"about":[{"href":"https:\/\/bambapolitica.com.mx\/index.php\/wp-json\/wp\/v2\/types\/post"}],"author":[{"embeddable":true,"href":"https:\/\/bambapolitica.com.mx\/index.php\/wp-json\/wp\/v2\/users\/3"}],"replies":[{"embeddable":true,"href":"https:\/\/bambapolitica.com.mx\/index.php\/wp-json\/wp\/v2\/comments?post=57839"}],"version-history":[{"count":1,"href":"https:\/\/bambapolitica.com.mx\/index.php\/wp-json\/wp\/v2\/posts\/57839\/revisions"}],"predecessor-version":[{"id":57841,"href":"https:\/\/bambapolitica.com.mx\/index.php\/wp-json\/wp\/v2\/posts\/57839\/revisions\/57841"}],"wp:featuredmedia":[{"embeddable":true,"href":"https:\/\/bambapolitica.com.mx\/index.php\/wp-json\/wp\/v2\/media\/57840"}],"wp:attachment":[{"href":"https:\/\/bambapolitica.com.mx\/index.php\/wp-json\/wp\/v2\/media?parent=57839"}],"wp:term":[{"taxonomy":"category","embeddable":true,"href":"https:\/\/bambapolitica.com.mx\/index.php\/wp-json\/wp\/v2\/categories?post=57839"},{"taxonomy":"post_tag","embeddable":true,"href":"https:\/\/bambapolitica.com.mx\/index.php\/wp-json\/wp\/v2\/tags?post=57839"}],"curies":[{"name":"wp","href":"https:\/\/api.w.org\/{rel}","templated":true}]}}