{"id":57845,"date":"2023-03-16T09:29:44","date_gmt":"2023-03-16T15:29:44","guid":{"rendered":"http:\/\/bambapolitica.com.mx\/?p=57845"},"modified":"2023-03-16T09:29:49","modified_gmt":"2023-03-16T15:29:49","slug":"pension-bienestar-a-cuanto-ascendera-el-pago-en-2024","status":"publish","type":"post","link":"https:\/\/bambapolitica.com.mx\/index.php\/2023\/03\/16\/pension-bienestar-a-cuanto-ascendera-el-pago-en-2024\/","title":{"rendered":"Pensi\u00f3n Bienestar \u00bfA cu\u00e1nto ascender\u00e1 el pago en 2024?"},"content":{"rendered":"\n<p>Jueves, 16 de marzo de 2023<\/p>\n\n\n\n<p>La Pensi\u00f3n para el Bienestar de las personas adultas mayores es un derecho constitucional en M\u00e9xico, lo que significa que su aumento est\u00e1 garantizado a\u00f1o con a\u00f1o sin importar el partido pol\u00edtico en el poder. Este apoyo fue impulsado durante el sexenio del presidente Andr\u00e9s Manuel L\u00f3pez Obrador, comenzando en 2,550 pesos en 2019.<\/p>\n\n\n\n<p>Durante los primeros dos a\u00f1os de la administraci\u00f3n actual, la Pensi\u00f3n del Bienestar aument\u00f3 solo 70 y 80 pesos bimestrales, respectivamente. Sin embargo, en 2021 se dio un cambio significativo cuando el apoyo aument\u00f3 a 3,100 pesos bimestrales. A partir de 2022, el Gobierno federal determin\u00f3 que la Pensi\u00f3n para el Bienestar aumentar\u00eda en un 25% en los \u00faltimos tres a\u00f1os del sexenio. Por lo tanto, en 2022 la Pensi\u00f3n para el Bienestar aument\u00f3 a 3,850 pesos bimestrales, y en 2023 aument\u00f3 a 4,800 pesos bimestrales.<\/p>\n\n\n\n<p>Este es el monto que dar\u00e1n de pensi\u00f3n el siguiente a\u00f1o<br>Seg\u00fan el secretario de Hacienda, Rogelio Ram\u00edrez de la O, durante la entrega del Paquete Econ\u00f3mico 2023, se espera que la Pensi\u00f3n para el Bienestar alcance los 6,000 pesos bimestrales en 2024, a\u00f1o en que L\u00f3pez Obrador dejar\u00e1 la presidencia de M\u00e9xico. La secretaria de Bienestar, Ariadna Montiel, confirm\u00f3 esta cifra recientemente.<\/p>\n\n\n\n<p>En cuanto al siguiente sexenio, el monto de los recursos asignados en el Presupuesto de Egresos de la Federaci\u00f3n y en el presupuesto de las entidades federativas del ejercicio fiscal para las personas adultas mayores no podr\u00e1 disminuir en t\u00e9rminos reales, respecto del monto asignado en el ejercicio fiscal inmediato anterior, seg\u00fan el art\u00edculo transitorio que se agreg\u00f3 cuando se incluy\u00f3 la Pensi\u00f3n para el Bienestar en la Constituci\u00f3n. La medida base que se puede utilizar para hacer el c\u00e1lculo del aumento puede ser la inflaci\u00f3n, que ya se utiliza para actualizar la Unidad de Medida y Actualizaci\u00f3n (UMA), utilizada para determinar el monto de las multas.<\/p>\n","protected":false},"excerpt":{"rendered":"<p>Jueves, 16 de marzo de 2023 La Pensi\u00f3n para el Bienestar de las personas adultas&#8230;<\/p>\n","protected":false},"author":3,"featured_media":57846,"comment_status":"closed","ping_status":"closed","sticky":false,"template":"","format":"standard","meta":{"footnotes":""},"categories":[4],"tags":[],"class_list":["post-57845","post","type-post","status-publish","format-standard","has-post-thumbnail","hentry","category-noticias-del-dia"],"_links":{"self":[{"href":"https:\/\/bambapolitica.com.mx\/index.php\/wp-json\/wp\/v2\/posts\/57845","targetHints":{"allow":["GET"]}}],"collection":[{"href":"https:\/\/bambapolitica.com.mx\/index.php\/wp-json\/wp\/v2\/posts"}],"about":[{"href":"https:\/\/bambapolitica.com.mx\/index.php\/wp-json\/wp\/v2\/types\/post"}],"author":[{"embeddable":true,"href":"https:\/\/bambapolitica.com.mx\/index.php\/wp-json\/wp\/v2\/users\/3"}],"replies":[{"embeddable":true,"href":"https:\/\/bambapolitica.com.mx\/index.php\/wp-json\/wp\/v2\/comments?post=57845"}],"version-history":[{"count":1,"href":"https:\/\/bambapolitica.com.mx\/index.php\/wp-json\/wp\/v2\/posts\/57845\/revisions"}],"predecessor-version":[{"id":57847,"href":"https:\/\/bambapolitica.com.mx\/index.php\/wp-json\/wp\/v2\/posts\/57845\/revisions\/57847"}],"wp:featuredmedia":[{"embeddable":true,"href":"https:\/\/bambapolitica.com.mx\/index.php\/wp-json\/wp\/v2\/media\/57846"}],"wp:attachment":[{"href":"https:\/\/bambapolitica.com.mx\/index.php\/wp-json\/wp\/v2\/media?parent=57845"}],"wp:term":[{"taxonomy":"category","embeddable":true,"href":"https:\/\/bambapolitica.com.mx\/index.php\/wp-json\/wp\/v2\/categories?post=57845"},{"taxonomy":"post_tag","embeddable":true,"href":"https:\/\/bambapolitica.com.mx\/index.php\/wp-json\/wp\/v2\/tags?post=57845"}],"curies":[{"name":"wp","href":"https:\/\/api.w.org\/{rel}","templated":true}]}}