{"id":57852,"date":"2023-03-16T09:55:50","date_gmt":"2023-03-16T15:55:50","guid":{"rendered":"http:\/\/bambapolitica.com.mx\/?p=57852"},"modified":"2023-03-16T09:55:53","modified_gmt":"2023-03-16T15:55:53","slug":"tepjf-desecha-677-demandas-presentadas-en-contra-del-plan-b-de-reforma-electoral","status":"publish","type":"post","link":"https:\/\/bambapolitica.com.mx\/index.php\/2023\/03\/16\/tepjf-desecha-677-demandas-presentadas-en-contra-del-plan-b-de-reforma-electoral\/","title":{"rendered":"TEPJF desecha 677 demandas presentadas en contra del Plan B de Reforma Electoral"},"content":{"rendered":"\n<p>Jueves, 16 de marzo de 2023<\/p>\n\n\n\n<p>La Sala Superior del TEPJF analiz\u00f3 en sesi\u00f3n demandas ciudadanas interpuestas contra el Plan B de Reforma Electoral<br>La Sala Superior del Tribunal Electoral del Poder Judicial de la Federaci\u00f3n (TEPJF) desech\u00f3 677 demandas presentadas en contra del Plan B de Reforma Electoral.<\/p>\n\n\n\n<p>A partir de la entrada en vigor de dicha ley, impulsada por el presidente Andr\u00e9s Manuel L\u00f3pez Obrador, diversas personas acudieron a la Sala Superior del Tribunal Electoral con el fin de cuestionar su constitucionalidad, al considerar entre otros temas, que: i) vulneran sus derechos pol\u00edtico-electorales, ii) son regresivos en materia de derechos fundamentales y iii) inciden en la autonom\u00eda del Instituto Nacional Electoral (INE).<\/p>\n\n\n\n<p>En sesi\u00f3n p\u00fablica presencial y a propuesta de diversas magistraturas, la Sala Superior del TEPJF, con la ausencia justificada de la magistrada Janine Ot\u00e1lora Malassis y del magistrado Felipe Fuentes Barrera, estableci\u00f3 que no puede estudiar el fondo de las problem\u00e1ticas planteadas, ya que en ellas se solicita el an\u00e1lisis de diversas normas electorales por su sola entrada en vigor, es decir, sin un acto concreto de aplicaci\u00f3n.<\/p>\n\n\n\n<p>Se consider\u00f3, adem\u00e1s, que el Tribunal Electoral carece de facultades para analizar normas en abstracto, sin que se hubieran aplicado mediante alg\u00fan acto.<\/p>\n\n\n\n<p>Por tanto, dado que del decreto impugnado no se advert\u00eda un acto de aplicaci\u00f3n o una afectaci\u00f3n inmediata que permitiera al Tribunal Electoral desplegar un control concreto de constitucionalidad conforme a la Constituci\u00f3n federal, no se pudo estudiar el problema jur\u00eddico planteado en esas demandas contra el Plan B de Reforma Electoral.<\/p>\n\n\n\n<p>Finalmente, se sostuvo que el acuerdo del INE tampoco constituye un acto de aplicaci\u00f3n del decreto de reforma, pues a\u00fan no se ha definido qui\u00e9nes ser\u00e1n las personas que se vean afectadas con motivo de la reforma en Materia electoral (SUP-AG-69\/2023 y acumulados, SUP-JE-318\/2023 y acumulados, as\u00ed como SUP-JE-284\/2023 y acumulados).<\/p>\n","protected":false},"excerpt":{"rendered":"<p>Jueves, 16 de marzo de 2023 La Sala Superior del TEPJF analiz\u00f3 en sesi\u00f3n demandas&#8230;<\/p>\n","protected":false},"author":3,"featured_media":57853,"comment_status":"closed","ping_status":"closed","sticky":false,"template":"","format":"standard","meta":{"footnotes":""},"categories":[4],"tags":[],"class_list":["post-57852","post","type-post","status-publish","format-standard","has-post-thumbnail","hentry","category-noticias-del-dia"],"_links":{"self":[{"href":"https:\/\/bambapolitica.com.mx\/index.php\/wp-json\/wp\/v2\/posts\/57852","targetHints":{"allow":["GET"]}}],"collection":[{"href":"https:\/\/bambapolitica.com.mx\/index.php\/wp-json\/wp\/v2\/posts"}],"about":[{"href":"https:\/\/bambapolitica.com.mx\/index.php\/wp-json\/wp\/v2\/types\/post"}],"author":[{"embeddable":true,"href":"https:\/\/bambapolitica.com.mx\/index.php\/wp-json\/wp\/v2\/users\/3"}],"replies":[{"embeddable":true,"href":"https:\/\/bambapolitica.com.mx\/index.php\/wp-json\/wp\/v2\/comments?post=57852"}],"version-history":[{"count":1,"href":"https:\/\/bambapolitica.com.mx\/index.php\/wp-json\/wp\/v2\/posts\/57852\/revisions"}],"predecessor-version":[{"id":57854,"href":"https:\/\/bambapolitica.com.mx\/index.php\/wp-json\/wp\/v2\/posts\/57852\/revisions\/57854"}],"wp:featuredmedia":[{"embeddable":true,"href":"https:\/\/bambapolitica.com.mx\/index.php\/wp-json\/wp\/v2\/media\/57853"}],"wp:attachment":[{"href":"https:\/\/bambapolitica.com.mx\/index.php\/wp-json\/wp\/v2\/media?parent=57852"}],"wp:term":[{"taxonomy":"category","embeddable":true,"href":"https:\/\/bambapolitica.com.mx\/index.php\/wp-json\/wp\/v2\/categories?post=57852"},{"taxonomy":"post_tag","embeddable":true,"href":"https:\/\/bambapolitica.com.mx\/index.php\/wp-json\/wp\/v2\/tags?post=57852"}],"curies":[{"name":"wp","href":"https:\/\/api.w.org\/{rel}","templated":true}]}}