{"id":57855,"date":"2023-03-16T10:09:32","date_gmt":"2023-03-16T16:09:32","guid":{"rendered":"http:\/\/bambapolitica.com.mx\/?p=57855"},"modified":"2023-03-16T10:09:35","modified_gmt":"2023-03-16T16:09:35","slug":"descubren-dos-inmuebles-presuntamente-ligados-al-cartel-inmobiliario-en-la-benito-juarez","status":"publish","type":"post","link":"https:\/\/bambapolitica.com.mx\/index.php\/2023\/03\/16\/descubren-dos-inmuebles-presuntamente-ligados-al-cartel-inmobiliario-en-la-benito-juarez\/","title":{"rendered":"Descubren dos inmuebles presuntamente ligados al C\u00e1rtel Inmobiliario en la Benito Ju\u00e1rez"},"content":{"rendered":"\n<p>Jueves, 16 de marzo de 2023<\/p>\n\n\n\n<p>La Fiscal\u00eda General de Justicia (FGJ) de la Ciudad de M\u00e9xico detect\u00f3 dos inmuebles presuntamente ligados el denominado \u2018C\u00e1rtel Inmobiliario\u2018 de la alcald\u00eda Benito Ju\u00e1rez. El primero de los edificios se encuentra en la colonia Acacias y fue constru\u00eddo sin apegarse al certificado \u00fanico de zonificaci\u00f3n de uso de suelo, toda vez que cuenta<br>La Fiscal\u00eda General de Justicia (FGJ) de la Ciudad de M\u00e9xico detect\u00f3 dos inmuebles presuntamente ligados el denominado \u2018C\u00e1rtel Inmobiliario\u2018 de la alcald\u00eda Benito Ju\u00e1rez.<\/p>\n\n\n\n<p>El primero de los edificios se encuentra en la colonia Acacias y fue constru\u00eddo sin apegarse al certificado \u00fanico de zonificaci\u00f3n de uso de suelo, toda vez que cuenta con seis niveles cuando se permiten hasta tres niveles con 30 por ciento m\u00ednimo de \u00e1rea libre.<br>El segundo inmueble se ubica en la colonia Ciudad de los Deportes, sin apegarse al certificado de zonificaci\u00f3n de uso de suelo por tener seis niveles cuando se permiten hasta tres con 20 por ciento m\u00ednimo de \u00e1rea libre.<\/p>\n\n\n\n<p>Sobre este \u00faltimo caso, la Fiscal\u00eda capitalina hall\u00f3 que un ex servidor p\u00fablico, con funciones jur\u00eddicas durante su encargo, fue registrado como uno de los administradores generales de dicho edificio.<\/p>\n\n\n\n<p>Investigaciones apuntan a un C\u00e1rtel Inmobiliario en la alcald\u00eda Benito Ju\u00e1rez mediante un probable contubernio entre autoridades de la demarcaci\u00f3n y empresas inmobiliarias, para obtener ganancias mediante la edificaci\u00f3n de m\u00e1s niveles y departamentos de los permitidas.<\/p>\n\n\n\n<p>Las irregularidades en las construcciones se registraron durante la administraci\u00f3n de Christian von Roehrich, actualmente pr\u00f3fugo de la justicia.<\/p>\n","protected":false},"excerpt":{"rendered":"<p>Jueves, 16 de marzo de 2023 La Fiscal\u00eda General de Justicia (FGJ) de la Ciudad&#8230;<\/p>\n","protected":false},"author":3,"featured_media":57856,"comment_status":"closed","ping_status":"closed","sticky":false,"template":"","format":"standard","meta":{"footnotes":""},"categories":[4],"tags":[],"class_list":["post-57855","post","type-post","status-publish","format-standard","has-post-thumbnail","hentry","category-noticias-del-dia"],"_links":{"self":[{"href":"https:\/\/bambapolitica.com.mx\/index.php\/wp-json\/wp\/v2\/posts\/57855","targetHints":{"allow":["GET"]}}],"collection":[{"href":"https:\/\/bambapolitica.com.mx\/index.php\/wp-json\/wp\/v2\/posts"}],"about":[{"href":"https:\/\/bambapolitica.com.mx\/index.php\/wp-json\/wp\/v2\/types\/post"}],"author":[{"embeddable":true,"href":"https:\/\/bambapolitica.com.mx\/index.php\/wp-json\/wp\/v2\/users\/3"}],"replies":[{"embeddable":true,"href":"https:\/\/bambapolitica.com.mx\/index.php\/wp-json\/wp\/v2\/comments?post=57855"}],"version-history":[{"count":1,"href":"https:\/\/bambapolitica.com.mx\/index.php\/wp-json\/wp\/v2\/posts\/57855\/revisions"}],"predecessor-version":[{"id":57857,"href":"https:\/\/bambapolitica.com.mx\/index.php\/wp-json\/wp\/v2\/posts\/57855\/revisions\/57857"}],"wp:featuredmedia":[{"embeddable":true,"href":"https:\/\/bambapolitica.com.mx\/index.php\/wp-json\/wp\/v2\/media\/57856"}],"wp:attachment":[{"href":"https:\/\/bambapolitica.com.mx\/index.php\/wp-json\/wp\/v2\/media?parent=57855"}],"wp:term":[{"taxonomy":"category","embeddable":true,"href":"https:\/\/bambapolitica.com.mx\/index.php\/wp-json\/wp\/v2\/categories?post=57855"},{"taxonomy":"post_tag","embeddable":true,"href":"https:\/\/bambapolitica.com.mx\/index.php\/wp-json\/wp\/v2\/tags?post=57855"}],"curies":[{"name":"wp","href":"https:\/\/api.w.org\/{rel}","templated":true}]}}