{"id":57864,"date":"2023-03-16T10:33:59","date_gmt":"2023-03-16T16:33:59","guid":{"rendered":"http:\/\/bambapolitica.com.mx\/?p=57864"},"modified":"2023-03-16T10:34:01","modified_gmt":"2023-03-16T16:34:01","slug":"agresor-de-naucalpan-pidio-paro-a-policias-si-soy-jefe-pero-no-me-investiguen","status":"publish","type":"post","link":"https:\/\/bambapolitica.com.mx\/index.php\/2023\/03\/16\/agresor-de-naucalpan-pidio-paro-a-policias-si-soy-jefe-pero-no-me-investiguen\/","title":{"rendered":"Agresor de Naucalpan &#8220;pidi\u00f3 paro&#8221; a polic\u00edas: &#8220;s\u00ed soy jefe, pero no me investiguen&#8221;"},"content":{"rendered":"\n<p>Jueves, 16 de marzo de 2023<\/p>\n\n\n\n<p>El hombre, quien se identific\u00f3 como Juan Manuel, intent\u00f3 persuadirlos: \u201c\u00e9chame la mano jefe, s\u00ed soy el que aparece en los videos pero ya no me investiguen\u201d<br>El hombre que presuntamente someti\u00f3, agredi\u00f3 y golpe\u00f3 a una joven en un ataque sexual captado por c\u00e1maras de seguridad, \u201cpidi\u00f3 paro\u201d para no ser detenido anoche en la misma colonia La Mancha 1 donde atac\u00f3 a la mujer y se identific\u00f3 como Juan Manuel, informaron autoridades naucalpenses.<\/p>\n\n\n\n<p>La Direcci\u00f3n General de Seguridad Ciudadana y Movilidad Segura de Naucalpan inform\u00f3 que elementos de esta corporaci\u00f3n y la Polic\u00eda de Investigaci\u00f3n circulaban sobre avenida Ju\u00e1rez cuando al llegar a la calle Jos\u00e9 Becerril, en La Mancha 1, donde detectaron a una persona que correspond\u00eda con la media filiaci\u00f3n del agresor.<br>Lee tambi\u00e9n \u201cMe voy a entregar solo\u201d, revelan supuestos audios del agresor de Naucalpan VIDEO<\/p>\n\n\n\n<p>Los polic\u00edas se acercaron al sujeto, que vest\u00eda una sudadera gris, pantal\u00f3n negro y tenis blancos, y luego de explicarle que sus caracter\u00edsticas correspond\u00edan a la descripci\u00f3n de uno de los sujetos que particip\u00f3 en la agresi\u00f3n que fue difundida en videos , le solicitaron los acompa\u00f1ara a las oficinas de la Fiscal\u00eda mexiquense, para efectuarle una entrevista.<\/p>\n\n\n\n<p>Pidi\u00f3 paro: &#8220;s\u00ed soy jefe, pero no me investiguen&#8221;<br>El hombre, quien se identific\u00f3 como Juan Manuel, intent\u00f3 persuadirlos: \u201c\u00e9chame la mano jefe, s\u00ed soy el que aparece en los videos pero ya no me investiguen\u201d, por lo que se le hizo saber sus derechos y fue presentado a la Fiscal\u00eda Regional de Naucalpan.<\/p>\n\n\n\n<p>El 11 de marzo, autoridades de Naucalpan informaron que \u201caplicaron el protocolo atenci\u00f3n a mujeres v\u00edctimas de violencia, que contempla la participaci\u00f3n de la C\u00e9lula de G\u00e9nero y el Instituto de las Mujeres Naucalpenses y la Igualdad Sustantiva (IMNIS), con apoyo psicol\u00f3gico y acompa\u00f1amiento, adem\u00e1s de la realizaci\u00f3n de patrullajes en su domicilio para asegurar su integridad f\u00edsica\u201d.<br>La C\u00e9lula de G\u00e9nero acompa\u00f1\u00f3 a la v\u00edctima a presentar su denuncia ante la Agencia del Ministerio P\u00fablico Especializada en Violencia Familiar, Sexual y de G\u00e9nero (AMPEVFSG), que dispuso la aplicaci\u00f3n de medidas de protecci\u00f3n, la cual se cumple por parte de polic\u00edas municipales, adem\u00e1s de que se present\u00f3 el veh\u00edculo tipo Urvan en el que presuntamente huy\u00f3 el agresor, camioneta que estar\u00eda bajo resguardo.<\/p>\n","protected":false},"excerpt":{"rendered":"<p>Jueves, 16 de marzo de 2023 El hombre, quien se identific\u00f3 como Juan Manuel, intent\u00f3&#8230;<\/p>\n","protected":false},"author":3,"featured_media":57865,"comment_status":"closed","ping_status":"closed","sticky":false,"template":"","format":"standard","meta":{"footnotes":""},"categories":[2],"tags":[],"class_list":["post-57864","post","type-post","status-publish","format-standard","has-post-thumbnail","hentry","category-policiaca"],"_links":{"self":[{"href":"https:\/\/bambapolitica.com.mx\/index.php\/wp-json\/wp\/v2\/posts\/57864","targetHints":{"allow":["GET"]}}],"collection":[{"href":"https:\/\/bambapolitica.com.mx\/index.php\/wp-json\/wp\/v2\/posts"}],"about":[{"href":"https:\/\/bambapolitica.com.mx\/index.php\/wp-json\/wp\/v2\/types\/post"}],"author":[{"embeddable":true,"href":"https:\/\/bambapolitica.com.mx\/index.php\/wp-json\/wp\/v2\/users\/3"}],"replies":[{"embeddable":true,"href":"https:\/\/bambapolitica.com.mx\/index.php\/wp-json\/wp\/v2\/comments?post=57864"}],"version-history":[{"count":1,"href":"https:\/\/bambapolitica.com.mx\/index.php\/wp-json\/wp\/v2\/posts\/57864\/revisions"}],"predecessor-version":[{"id":57866,"href":"https:\/\/bambapolitica.com.mx\/index.php\/wp-json\/wp\/v2\/posts\/57864\/revisions\/57866"}],"wp:featuredmedia":[{"embeddable":true,"href":"https:\/\/bambapolitica.com.mx\/index.php\/wp-json\/wp\/v2\/media\/57865"}],"wp:attachment":[{"href":"https:\/\/bambapolitica.com.mx\/index.php\/wp-json\/wp\/v2\/media?parent=57864"}],"wp:term":[{"taxonomy":"category","embeddable":true,"href":"https:\/\/bambapolitica.com.mx\/index.php\/wp-json\/wp\/v2\/categories?post=57864"},{"taxonomy":"post_tag","embeddable":true,"href":"https:\/\/bambapolitica.com.mx\/index.php\/wp-json\/wp\/v2\/tags?post=57864"}],"curies":[{"name":"wp","href":"https:\/\/api.w.org\/{rel}","templated":true}]}}