{"id":57867,"date":"2023-03-16T10:38:53","date_gmt":"2023-03-16T16:38:53","guid":{"rendered":"http:\/\/bambapolitica.com.mx\/?p=57867"},"modified":"2023-03-16T10:38:55","modified_gmt":"2023-03-16T16:38:55","slug":"suspenden-a-elementos-de-matamoros-por-la-investigacion-del-secuestro-de-estadunidenses","status":"publish","type":"post","link":"https:\/\/bambapolitica.com.mx\/index.php\/2023\/03\/16\/suspenden-a-elementos-de-matamoros-por-la-investigacion-del-secuestro-de-estadunidenses\/","title":{"rendered":"Suspenden a elementos de Matamoros por la investigaci\u00f3n del secuestro de estadunidenses"},"content":{"rendered":"\n<p>Jueves, 16 de marzo de 2023<\/p>\n\n\n\n<p>Director y dos trabajadores m\u00e1s de Protecci\u00f3n Civil del municipio fueron separados de su cargo, tras la investigaci\u00f3n que se realiza por el presunto traslado de las v\u00edctimas en una ambulancia de la dependencia municipal.<br>El director de Protecci\u00f3n Civil del municipio de Matamoros y dos trabajadores m\u00e1s fueron suspendidos debido a una carpeta de investigaci\u00f3n que abri\u00f3 la Fiscal\u00eda General de Justicia por el caso de los estadounidenses secuestrados en esa ciudad fronteriza de Tamaulipas.<\/p>\n\n\n\n<p>El secretario del ayuntamiento, Carlos Ballesteros, confirm\u00f3 que fue el pasado viernes cuando la Contralor\u00eda recibi\u00f3 la notificaci\u00f3n, de manera inmediata y de acuerdo con el reglamento municipal se procedi\u00f3 a suspenderlos por su probable participaci\u00f3n en este hecho.<br>El funcionario explic\u00f3 que nueve personas m\u00e1s que pertenecen a esta direcci\u00f3n tambi\u00e9n fueron dadas de baja, sin embargo este recorte obedece a cambios propios de la direcci\u00f3n y no tienen relaci\u00f3n con este suceso.<\/p>\n\n\n\n<p>&#8220;Los tres elementos que fueron suspendidos son el director y dos m\u00e1s, esto luego de un procedimiento que hizo Contralor\u00eda por una carpeta de investigaci\u00f3n que abri\u00f3 la Fiscal\u00eda, es el director y dos comandantes. A nosotros nos notificaron el viernes de la semana pasada y Contralor\u00eda abri\u00f3 el procedimiento&#8221;.<br>El secretario del municipio fronterizo precis\u00f3 que la ambulancia con el n\u00famero 02, asignada a Protecci\u00f3n Civil, a\u00fan se encuentra bajo resguardo de la Fiscal\u00eda debido a que aparentemente fue utilizada para trasladar a las personas secuestradas.<\/p>\n\n\n\n<p>Fue el pasado 3 de marzo cuando se registr\u00f3 el ataque y secuestro de cuatro ciudadanos norteamericanos, d\u00eda despu\u00e9s fueron localizados dos sin vida, uno herido y otra persona ilesa en una vivienda de madera localizada a las afueras de este municipio.<br>Tras este hecho la persona que estaba a cargo de la vigilancia de este sitio fue detenida, tambi\u00e9n cinco personas m\u00e1s luego de aparecer maniatados en una calle con una cartulina y se\u00f1alados como los autores del ataque, quienes posteriormente fueron procesados por el delito de secuestro y asesinato.<\/p>\n\n\n\n<p>Las averiguaciones han indicado que fueron llevadas a una cl\u00ednica a bordo de una ambulancia, presuntamente bien del gobierno municipal.<\/p>\n","protected":false},"excerpt":{"rendered":"<p>Jueves, 16 de marzo de 2023 Director y dos trabajadores m\u00e1s de Protecci\u00f3n Civil del&#8230;<\/p>\n","protected":false},"author":3,"featured_media":57868,"comment_status":"closed","ping_status":"closed","sticky":false,"template":"","format":"standard","meta":{"footnotes":""},"categories":[2],"tags":[],"class_list":["post-57867","post","type-post","status-publish","format-standard","has-post-thumbnail","hentry","category-policiaca"],"_links":{"self":[{"href":"https:\/\/bambapolitica.com.mx\/index.php\/wp-json\/wp\/v2\/posts\/57867","targetHints":{"allow":["GET"]}}],"collection":[{"href":"https:\/\/bambapolitica.com.mx\/index.php\/wp-json\/wp\/v2\/posts"}],"about":[{"href":"https:\/\/bambapolitica.com.mx\/index.php\/wp-json\/wp\/v2\/types\/post"}],"author":[{"embeddable":true,"href":"https:\/\/bambapolitica.com.mx\/index.php\/wp-json\/wp\/v2\/users\/3"}],"replies":[{"embeddable":true,"href":"https:\/\/bambapolitica.com.mx\/index.php\/wp-json\/wp\/v2\/comments?post=57867"}],"version-history":[{"count":1,"href":"https:\/\/bambapolitica.com.mx\/index.php\/wp-json\/wp\/v2\/posts\/57867\/revisions"}],"predecessor-version":[{"id":57869,"href":"https:\/\/bambapolitica.com.mx\/index.php\/wp-json\/wp\/v2\/posts\/57867\/revisions\/57869"}],"wp:featuredmedia":[{"embeddable":true,"href":"https:\/\/bambapolitica.com.mx\/index.php\/wp-json\/wp\/v2\/media\/57868"}],"wp:attachment":[{"href":"https:\/\/bambapolitica.com.mx\/index.php\/wp-json\/wp\/v2\/media?parent=57867"}],"wp:term":[{"taxonomy":"category","embeddable":true,"href":"https:\/\/bambapolitica.com.mx\/index.php\/wp-json\/wp\/v2\/categories?post=57867"},{"taxonomy":"post_tag","embeddable":true,"href":"https:\/\/bambapolitica.com.mx\/index.php\/wp-json\/wp\/v2\/tags?post=57867"}],"curies":[{"name":"wp","href":"https:\/\/api.w.org\/{rel}","templated":true}]}}