{"id":57879,"date":"2023-03-16T11:03:25","date_gmt":"2023-03-16T17:03:25","guid":{"rendered":"http:\/\/bambapolitica.com.mx\/?p=57879"},"modified":"2023-03-16T11:03:27","modified_gmt":"2023-03-16T17:03:27","slug":"estados-unidos-revela-incidente-de-su-dron-con-avion-ruso","status":"publish","type":"post","link":"https:\/\/bambapolitica.com.mx\/index.php\/2023\/03\/16\/estados-unidos-revela-incidente-de-su-dron-con-avion-ruso\/","title":{"rendered":"Estados Unidos revela incidente de su dron con avi\u00f3n ruso"},"content":{"rendered":"\n<p>Jueves, 16 de marzo de 2023<\/p>\n\n\n\n<p>La Fuerza A\u00e9rea de EE.UU. revel\u00f3 el momento en que un avi\u00f3n ruso realiza una interceptaci\u00f3n insegura y poco profesional de su dron \u2018MQ-9\u2019<br>El Comando Europeo del ej\u00e9rcito de EE.UU. public\u00f3 im\u00e1genes desclasificadas del incidente protagonizado entre un caza ruso \u201cSu-27\u201d y un dron estadounidense sobre aguas del Mar Negro y que acab\u00f3 provocando que la nave no tripulada se estrellara.<br>Seg\u00fan inform\u00f3 el comando de Estados Unidos en un comunicado, las im\u00e1genes muestran el momento en el que \u201cun avi\u00f3n ruso realizaba una interceptaci\u00f3n insegura y poco profesional de un dron \u2018MQ-9\u2018 de la Fuerza A\u00e9rea de EE.UU. en el espacio a\u00e9reo internacional sobre el Mar Negro, el 14 de marzo\u201c.<\/p>\n\n\n\n<p>El mando estadounidense tambi\u00e9n ofrece un guion gr\u00e1fico de c\u00f3mo ocurri\u00f3 este incidente en el Mar Negro, en el que hab\u00eda otro caza ruso, que ha aumentado la tensi\u00f3n entre Washington y Mosc\u00fa y que tiene como fondo la guerra en Ucrania.<\/p>\n\n\n\n<p>Seg\u00fan el guion de este video, el suceso comienza cuando un avi\u00f3n ruso se acerca a la parte trasera del \u201cMQ-9\u201d estadounidense. Poco despu\u00e9s la aeronave del Kremlin comienza a liberar combustible a su paso y, mientras lo hace, vuela por encima del dron.<\/p>\n\n\n\n<p>En apenas unos minutos, el \u201cSu-27\u201d ruso inicia una segunda aproximaci\u00f3n hacia el \u201cMQ-9\u201d, vuelve a liberar combustible y pasa a\u00fan m\u00e1s cerca del aparato no tripulado.<\/p>\n\n\n\n<p>Poco despu\u00e9s, el avi\u00f3n ruso choca con el dron y la imagen de la c\u00e1mara del \u201cMQ-9\u201d se pierde durante aproximadamente 60 segundos, relata el comando estadounidense. Cuando la c\u00e1mara recupera la transmisi\u00f3n se puede ver que la h\u00e9lice y uno de los puntales del dron est\u00e1n da\u00f1ados.<\/p>\n\n\n\n<p>Tras el incidente, el Gobierno de Estados Unidos asegur\u00f3 que se vio obligado a estrellar el dron contra aguas del Mar Negro y responsabiliz\u00f3 a Mosc\u00fa del incidente que, seg\u00fan dijo, fue deliberado.<\/p>\n\n\n\n<p>En cambio, el Ministerio de Defensa de Rusia neg\u00f3 cualquier contacto entre sus cazas y el dron, que seg\u00fan la versi\u00f3n del Kremlin, entr\u00f3 en un brusco vuelo incontrolado y colision\u00f3 contra el mar tras perder repentinamente altura.<\/p>\n\n\n\n<p>El incidente tuvo lugar cerca de la anexionada pen\u00ednsula ucraniana de Crimea, donde Mosc\u00fa ve con malos ojos la presencia de la OTAN, sean buques de guerra o aparatos de reconocimiento y vigilancia.<\/p>\n","protected":false},"excerpt":{"rendered":"<p>Jueves, 16 de marzo de 2023 La Fuerza A\u00e9rea de EE.UU. revel\u00f3 el momento en&#8230;<\/p>\n","protected":false},"author":3,"featured_media":57880,"comment_status":"closed","ping_status":"closed","sticky":false,"template":"","format":"standard","meta":{"footnotes":""},"categories":[5],"tags":[],"class_list":["post-57879","post","type-post","status-publish","format-standard","has-post-thumbnail","hentry","category-internacional"],"_links":{"self":[{"href":"https:\/\/bambapolitica.com.mx\/index.php\/wp-json\/wp\/v2\/posts\/57879","targetHints":{"allow":["GET"]}}],"collection":[{"href":"https:\/\/bambapolitica.com.mx\/index.php\/wp-json\/wp\/v2\/posts"}],"about":[{"href":"https:\/\/bambapolitica.com.mx\/index.php\/wp-json\/wp\/v2\/types\/post"}],"author":[{"embeddable":true,"href":"https:\/\/bambapolitica.com.mx\/index.php\/wp-json\/wp\/v2\/users\/3"}],"replies":[{"embeddable":true,"href":"https:\/\/bambapolitica.com.mx\/index.php\/wp-json\/wp\/v2\/comments?post=57879"}],"version-history":[{"count":1,"href":"https:\/\/bambapolitica.com.mx\/index.php\/wp-json\/wp\/v2\/posts\/57879\/revisions"}],"predecessor-version":[{"id":57881,"href":"https:\/\/bambapolitica.com.mx\/index.php\/wp-json\/wp\/v2\/posts\/57879\/revisions\/57881"}],"wp:featuredmedia":[{"embeddable":true,"href":"https:\/\/bambapolitica.com.mx\/index.php\/wp-json\/wp\/v2\/media\/57880"}],"wp:attachment":[{"href":"https:\/\/bambapolitica.com.mx\/index.php\/wp-json\/wp\/v2\/media?parent=57879"}],"wp:term":[{"taxonomy":"category","embeddable":true,"href":"https:\/\/bambapolitica.com.mx\/index.php\/wp-json\/wp\/v2\/categories?post=57879"},{"taxonomy":"post_tag","embeddable":true,"href":"https:\/\/bambapolitica.com.mx\/index.php\/wp-json\/wp\/v2\/tags?post=57879"}],"curies":[{"name":"wp","href":"https:\/\/api.w.org\/{rel}","templated":true}]}}