{"id":57902,"date":"2023-03-17T10:28:31","date_gmt":"2023-03-17T16:28:31","guid":{"rendered":"http:\/\/bambapolitica.com.mx\/?p=57902"},"modified":"2023-03-17T10:28:38","modified_gmt":"2023-03-17T16:28:38","slug":"amlo-anuncia-plan-contra-la-inflacion-en-america-latina-estos-paises-lo-integraran","status":"publish","type":"post","link":"https:\/\/bambapolitica.com.mx\/index.php\/2023\/03\/17\/amlo-anuncia-plan-contra-la-inflacion-en-america-latina-estos-paises-lo-integraran\/","title":{"rendered":"AMLO anuncia plan contra la inflaci\u00f3n en Am\u00e9rica Latina; estos pa\u00edses lo integrar\u00e1n"},"content":{"rendered":"\n<p>Viernes , 17 de marzo de 2023<\/p>\n\n\n\n<p>Con este plan se busca disminuir las altas cifras que afectan los consumidores. Aqu\u00ed te decimos todos los detalles.<br>El presidente Andr\u00e9s Manuel L\u00f3pez Obrador dio a conocer el plan contra la inflaci\u00f3n en Am\u00e9rica Latina, con el que se busca disminuir las altas cifras que afectan los consumidores. Aqu\u00ed te decimos qu\u00e9 pa\u00edses lo integrar\u00e1n.<\/p>\n\n\n\n<p>Durante su conferencia matutina de este jueves, el mandatario dijo que &#8220;es nuestro reto, la inflaci\u00f3n, aunque va a la baja pero lento (\u2026) nosotros seguimos manteniendo la inflaci\u00f3n baja en energ\u00e9ticos con relaci\u00f3n a Estados Unidos y Europa. Donde hemos bajado, pero no lo suficiente, es alimentos, s\u00ed ha habido ah\u00ed tambi\u00e9n una disminuci\u00f3n, es m\u00e1s bajo que en Estados Unidos, pero lo de alimentos nos est\u00e1 impactando m\u00e1s&#8221;.<br>Asimismo, L\u00f3pez Obrador dijo que &#8220;vamos a llevar a cabo un plan antiinflacionario de ayuda mutua para el crecimiento, para el intercambio econ\u00f3mico comercial con pa\u00edses de Am\u00e9rica Latina&#8221;.<br>&#8220;Ayer con este prop\u00f3sito habl\u00e9 con el presidente Lula (de Brasil), tambi\u00e9n con el presidente Petro (de Colombia), Miguel D\u00edaz-Canel de Cuba, habl\u00e9 con el presidente de Argentina, Alberto Fern\u00e1ndez, nos faltan llamadas aunque Alberto Fern\u00e1ndez se comprometi\u00f3 a hacerlo con el presidente de Chile y con el de Bolivia, Gabriel Boric y Luis Arce, yo voy a hablar hoy con la se\u00f1ora Xiomara Castro de Honduras&#8221;.<br>El presidente L\u00f3pez Obrador afirm\u00f3 que &#8220;vamos a tener una orden comunicaci\u00f3n virtual una teleconferencia el 5 de abril, primero esta reuni\u00f3n y luego presencial, pero van a empezar a trabajar los cancilleres, secretarios de Hacienda, Econom\u00eda, Comercio para buscar intercambios en exportaci\u00f3n, importaci\u00f3n de alimentos y de otros bienes con el prop\u00f3sito de enfrentar la carest\u00eda de la vida de manera conjunta&#8221;.<br>&#8220;\u00bfPer\u00fa? No, \u00bfEcuador? Tampoco. Estamos empezando, vamos a iniciar as\u00ed y poco a poco se va a ir ampliando, es un acuerdo econ\u00f3mico, comercial&#8221;, dijo L\u00f3pez Obrador, hablando de pa\u00edses que est\u00e1n gobernados por presidentes del sector de la derecha.<br>Adem\u00e1s, sostuvo que &#8220;vamos a invitar a productores, distribuidores, comerciantes, importadores, quienes venden, quienes compran, esto tiene que ver con alimentos, conseguir precios, quitar aranceles, barreras que impiden que se puedan obtener alimentos a buen precio para el mercado interno de los pa\u00edses, entonces les informo sobre esto&#8221;.<\/p>\n\n\n\n<p>L\u00f3pez Obrador revel\u00f3 que la reuni\u00f3n virtual est\u00e1 programada para llevarse a cabo el 5 de abril y participar\u00e1n en total 10 jefes de Estado de diversos pa\u00edses de Am\u00e9rica Latina y el Caribe.<\/p>\n\n\n\n<p>Reiter\u00f3 que el objetivo de este encuentro es establecer un plan de intercambio econ\u00f3mico de importaci\u00f3n, exportaci\u00f3n y regulaci\u00f3n de aranceles para enfrentar juntos el fen\u00f3meno inflacionario.<\/p>\n","protected":false},"excerpt":{"rendered":"<p>Viernes , 17 de marzo de 2023 Con este plan se busca disminuir las altas&#8230;<\/p>\n","protected":false},"author":3,"featured_media":57903,"comment_status":"closed","ping_status":"closed","sticky":false,"template":"","format":"standard","meta":{"footnotes":""},"categories":[4],"tags":[],"class_list":["post-57902","post","type-post","status-publish","format-standard","has-post-thumbnail","hentry","category-noticias-del-dia"],"_links":{"self":[{"href":"https:\/\/bambapolitica.com.mx\/index.php\/wp-json\/wp\/v2\/posts\/57902","targetHints":{"allow":["GET"]}}],"collection":[{"href":"https:\/\/bambapolitica.com.mx\/index.php\/wp-json\/wp\/v2\/posts"}],"about":[{"href":"https:\/\/bambapolitica.com.mx\/index.php\/wp-json\/wp\/v2\/types\/post"}],"author":[{"embeddable":true,"href":"https:\/\/bambapolitica.com.mx\/index.php\/wp-json\/wp\/v2\/users\/3"}],"replies":[{"embeddable":true,"href":"https:\/\/bambapolitica.com.mx\/index.php\/wp-json\/wp\/v2\/comments?post=57902"}],"version-history":[{"count":1,"href":"https:\/\/bambapolitica.com.mx\/index.php\/wp-json\/wp\/v2\/posts\/57902\/revisions"}],"predecessor-version":[{"id":57904,"href":"https:\/\/bambapolitica.com.mx\/index.php\/wp-json\/wp\/v2\/posts\/57902\/revisions\/57904"}],"wp:featuredmedia":[{"embeddable":true,"href":"https:\/\/bambapolitica.com.mx\/index.php\/wp-json\/wp\/v2\/media\/57903"}],"wp:attachment":[{"href":"https:\/\/bambapolitica.com.mx\/index.php\/wp-json\/wp\/v2\/media?parent=57902"}],"wp:term":[{"taxonomy":"category","embeddable":true,"href":"https:\/\/bambapolitica.com.mx\/index.php\/wp-json\/wp\/v2\/categories?post=57902"},{"taxonomy":"post_tag","embeddable":true,"href":"https:\/\/bambapolitica.com.mx\/index.php\/wp-json\/wp\/v2\/tags?post=57902"}],"curies":[{"name":"wp","href":"https:\/\/api.w.org\/{rel}","templated":true}]}}