{"id":57908,"date":"2023-03-17T10:39:46","date_gmt":"2023-03-17T16:39:46","guid":{"rendered":"http:\/\/bambapolitica.com.mx\/?p=57908"},"modified":"2023-03-17T10:39:53","modified_gmt":"2023-03-17T16:39:53","slug":"amlo-invita-a-mexicanos-a-concentrarse-en-zocalo-de-cdmx-para-conmemorar-expropiacion-petrolera","status":"publish","type":"post","link":"https:\/\/bambapolitica.com.mx\/index.php\/2023\/03\/17\/amlo-invita-a-mexicanos-a-concentrarse-en-zocalo-de-cdmx-para-conmemorar-expropiacion-petrolera\/","title":{"rendered":"AMLO invita a mexicanos a concentrarse en Z\u00f3calo de CDMX para conmemorar expropiaci\u00f3n petrolera"},"content":{"rendered":"\n<p>Viernes , 17 de marzo de 2023<\/p>\n\n\n\n<p>\u201cInvito a todas, todos, a que participemos ma\u00f1ana en el Z\u00f3calo de la Ciudad de M\u00e9xico\u201d, puntualiz\u00f3 el presidente L\u00f3pez Obrador<br>El presidente Andr\u00e9s Manuel L\u00f3pez Obrador invit\u00f3 a todos los mexicanos a que asistan este s\u00e1bado 18 de marzo en punto de las 17:00 h al Z\u00f3calo de la Ciudad de M\u00e9xico para conmemorar los 85 a\u00f1os de la expropiaci\u00f3n petrolera.<\/p>\n\n\n\n<p>En la conferencia matutina llevada a cabo este viernes desde Villahermosa, en el estado de Tabasco, L\u00f3pez Obrador calific\u00f3 a la expropiaci\u00f3n petrolera como una \u201cdecisi\u00f3n hist\u00f3rica, patri\u00f3tica, del general L\u00e1zaro C\u00e1rdenas\u201d.<\/p>\n\n\n\n<p>\u201cRegresamos hoy por la tarde noche a la Ciudad de M\u00e9xico, porque ma\u00f1ana vamos a recordar esa decisi\u00f3n hist\u00f3rica, patri\u00f3tica, del general L\u00e1zaro C\u00e1rdenas, vamos a congregarnos en el Z\u00f3calo de la Ciudad de M\u00e9xico, ma\u00f1ana a las 17:00 h para conmemorar un aniversario m\u00e1s de la expropiaci\u00f3n petrolera\u201d, dijo.<\/p>\n\n\n\n<p>\u201cInvito a todas, todos, a que participemos ma\u00f1ana en el Z\u00f3calo de la Ciudad de M\u00e9xico\u201d, puntualiz\u00f3 en su mensaje el mandatario mexicano.<\/p>\n\n\n\n<p>Esta movilizaci\u00f3n se da apenas semana despu\u00e9s de que se llevara a cabo una protesta por parte de miles de mexicanos en contra del Plan B de Reforma Electoral, cuya constitucionalidad ser\u00e1 decidida en pr\u00f3ximas semanas por la Suprema Corte de Justicia de la Naci\u00f3n (SCJN).<\/p>\n","protected":false},"excerpt":{"rendered":"<p>Viernes , 17 de marzo de 2023 \u201cInvito a todas, todos, a que participemos ma\u00f1ana&#8230;<\/p>\n","protected":false},"author":3,"featured_media":57909,"comment_status":"closed","ping_status":"closed","sticky":false,"template":"","format":"standard","meta":{"footnotes":""},"categories":[4],"tags":[],"class_list":["post-57908","post","type-post","status-publish","format-standard","has-post-thumbnail","hentry","category-noticias-del-dia"],"_links":{"self":[{"href":"https:\/\/bambapolitica.com.mx\/index.php\/wp-json\/wp\/v2\/posts\/57908","targetHints":{"allow":["GET"]}}],"collection":[{"href":"https:\/\/bambapolitica.com.mx\/index.php\/wp-json\/wp\/v2\/posts"}],"about":[{"href":"https:\/\/bambapolitica.com.mx\/index.php\/wp-json\/wp\/v2\/types\/post"}],"author":[{"embeddable":true,"href":"https:\/\/bambapolitica.com.mx\/index.php\/wp-json\/wp\/v2\/users\/3"}],"replies":[{"embeddable":true,"href":"https:\/\/bambapolitica.com.mx\/index.php\/wp-json\/wp\/v2\/comments?post=57908"}],"version-history":[{"count":1,"href":"https:\/\/bambapolitica.com.mx\/index.php\/wp-json\/wp\/v2\/posts\/57908\/revisions"}],"predecessor-version":[{"id":57910,"href":"https:\/\/bambapolitica.com.mx\/index.php\/wp-json\/wp\/v2\/posts\/57908\/revisions\/57910"}],"wp:featuredmedia":[{"embeddable":true,"href":"https:\/\/bambapolitica.com.mx\/index.php\/wp-json\/wp\/v2\/media\/57909"}],"wp:attachment":[{"href":"https:\/\/bambapolitica.com.mx\/index.php\/wp-json\/wp\/v2\/media?parent=57908"}],"wp:term":[{"taxonomy":"category","embeddable":true,"href":"https:\/\/bambapolitica.com.mx\/index.php\/wp-json\/wp\/v2\/categories?post=57908"},{"taxonomy":"post_tag","embeddable":true,"href":"https:\/\/bambapolitica.com.mx\/index.php\/wp-json\/wp\/v2\/tags?post=57908"}],"curies":[{"name":"wp","href":"https:\/\/api.w.org\/{rel}","templated":true}]}}