{"id":57917,"date":"2023-03-18T10:58:48","date_gmt":"2023-03-18T16:58:48","guid":{"rendered":"http:\/\/bambapolitica.com.mx\/?p=57917"},"modified":"2023-03-17T11:00:16","modified_gmt":"2023-03-17T17:00:16","slug":"alertan-sobre-nuevo-reto-viral-adolescentes-del-edomex-simulan-desapariciones","status":"publish","type":"post","link":"https:\/\/bambapolitica.com.mx\/index.php\/2023\/03\/18\/alertan-sobre-nuevo-reto-viral-adolescentes-del-edomex-simulan-desapariciones\/","title":{"rendered":"Alertan sobre nuevo reto viral; adolescentes del Edomex simulan desapariciones"},"content":{"rendered":"\n<p>Sabado,18 de marzo de 2023<\/p>\n\n\n\n<p>Direcci\u00f3n de Prevenci\u00f3n del Delito y Participaci\u00f3n Ciudadana de Nezahualc\u00f3yotl declar\u00f3 que, la mayor\u00eda de las denuncias por ausencias voluntarias de adolescentes, se deben a la desintegraci\u00f3n familiar.<br>A trav\u00e9s de redes sociales se hizo viral un nuevo reto entre adolescentes, quienes fingen su desaparici\u00f3n y reaparecen una vez que su ficha de b\u00fasqueda es difundida en medios de comunicaci\u00f3n.<\/p>\n\n\n\n<p>La Direcci\u00f3n de Prevenci\u00f3n del Delito y Participaci\u00f3n Ciudadana de Nezahualc\u00f3yotl alert\u00f3 sobre el nuevo reto y llam\u00f3 a madres y padres de familia a mantenerse al pendiente de sus hijos para evitar que sean parte de estos retos.<br>Explicaron que, en el Estado de M\u00e9xico se han reportado numerosas desapariciones falsas de estudiantes de secundaria debido a este reto viral que surgi\u00f3 en la red social TikTok.<\/p>\n\n\n\n<p>A trav\u00e9s de estos videos cortos, incitan a los menores a ausentarse voluntariamente de sus domicilios haci\u00e9ndose pasar por personas extraviadas o desaparecidas, y no regresar hasta que se llevan a cabo diversas acciones como aparecer en medios de comunicaci\u00f3n, cerrar y bloquear calles y avenidas, levantar la ficha de b\u00fasqueda y una vez que su nombre e imagen es difundida en noticieros y peri\u00f3dicos, regresan a casa.<br>Explicaron que, en esta localidad, la segunda m\u00e1s poblada de la entidad, a la fecha no se tienen reportes de ausencias de menores de edad por retos en internet, sin embargo, est\u00e1n obligados a atender con inmediatez los casos de extrav\u00edo y desaparici\u00f3n.<\/p>\n\n\n\n<p>Sin embargo, aseguraron que se ha detectado que la mayor\u00eda de las denuncias por ausencias voluntarias de adolescentes entre los 12 y los 16 a\u00f1os de edad, se deben a la desintegraci\u00f3n familiar, en ocasiones porque ambos padres trabajan y no est\u00e1n al pendiente de sus hijos, los dejan solos en sus domicilios o en casa de sus abuelos lo cual genera poca comunicaci\u00f3n con sus familiares.<\/p>\n\n\n\n<p>Por lo que llamaron a los padres de familia para mantenerse al pendiente de lo que consumen sus hijos en las redes sociales, as\u00ed como conversar con ellos sobre los peligros que hay en Internet.<\/p>\n\n\n\n<p>\u201cSobre todo pasar tiempo de calidad, convivir y conocerlos a profundidad, adem\u00e1s de tener claramente identificados sus datos personales desde el nombre completo, hasta su fecha de nacimiento, as\u00ed como otras se\u00f1as particulares\u201d, asegur\u00f3 el edil Adolfo Cerqueda.<br>Adem\u00e1s destacaron que, la desaparici\u00f3n y extrav\u00edo de personas es un tema serio y delicado, el cual no debe tomarse a la ligera ni debe ser motivo de bromas o retos virales.<\/p>\n","protected":false},"excerpt":{"rendered":"<p>Sabado,18 de marzo de 2023 Direcci\u00f3n de Prevenci\u00f3n del Delito y Participaci\u00f3n Ciudadana de Nezahualc\u00f3yotl&#8230;<\/p>\n","protected":false},"author":3,"featured_media":57918,"comment_status":"closed","ping_status":"closed","sticky":false,"template":"","format":"standard","meta":{"footnotes":""},"categories":[4],"tags":[],"class_list":["post-57917","post","type-post","status-publish","format-standard","has-post-thumbnail","hentry","category-noticias-del-dia"],"_links":{"self":[{"href":"https:\/\/bambapolitica.com.mx\/index.php\/wp-json\/wp\/v2\/posts\/57917","targetHints":{"allow":["GET"]}}],"collection":[{"href":"https:\/\/bambapolitica.com.mx\/index.php\/wp-json\/wp\/v2\/posts"}],"about":[{"href":"https:\/\/bambapolitica.com.mx\/index.php\/wp-json\/wp\/v2\/types\/post"}],"author":[{"embeddable":true,"href":"https:\/\/bambapolitica.com.mx\/index.php\/wp-json\/wp\/v2\/users\/3"}],"replies":[{"embeddable":true,"href":"https:\/\/bambapolitica.com.mx\/index.php\/wp-json\/wp\/v2\/comments?post=57917"}],"version-history":[{"count":1,"href":"https:\/\/bambapolitica.com.mx\/index.php\/wp-json\/wp\/v2\/posts\/57917\/revisions"}],"predecessor-version":[{"id":57919,"href":"https:\/\/bambapolitica.com.mx\/index.php\/wp-json\/wp\/v2\/posts\/57917\/revisions\/57919"}],"wp:featuredmedia":[{"embeddable":true,"href":"https:\/\/bambapolitica.com.mx\/index.php\/wp-json\/wp\/v2\/media\/57918"}],"wp:attachment":[{"href":"https:\/\/bambapolitica.com.mx\/index.php\/wp-json\/wp\/v2\/media?parent=57917"}],"wp:term":[{"taxonomy":"category","embeddable":true,"href":"https:\/\/bambapolitica.com.mx\/index.php\/wp-json\/wp\/v2\/categories?post=57917"},{"taxonomy":"post_tag","embeddable":true,"href":"https:\/\/bambapolitica.com.mx\/index.php\/wp-json\/wp\/v2\/tags?post=57917"}],"curies":[{"name":"wp","href":"https:\/\/api.w.org\/{rel}","templated":true}]}}