{"id":57940,"date":"2023-03-17T11:53:34","date_gmt":"2023-03-17T17:53:34","guid":{"rendered":"http:\/\/bambapolitica.com.mx\/?p=57940"},"modified":"2023-03-17T12:05:39","modified_gmt":"2023-03-17T18:05:39","slug":"amlo-critica-aspiracion-presidencial-de-gustavo-de-hoyos","status":"publish","type":"post","link":"https:\/\/bambapolitica.com.mx\/index.php\/2023\/03\/17\/amlo-critica-aspiracion-presidencial-de-gustavo-de-hoyos\/","title":{"rendered":"AMLO Critica Aspiraci\u00f3n Presidencial de Gustavo de Hoyos"},"content":{"rendered":"\n<p>Viernes , 17 de marzo de 2023<\/p>\n\n\n\n<p>El mandatario dijo que el empresario es &#8220;otro candidato del bloque conservador&#8221; y &#8220;tiene un pensamiento mon\u00e1rquico&#8221;<br>El presidente Andr\u00e9s Manuel L\u00f3pez Obrador (AMLO) critic\u00f3 la aspiraci\u00f3n presidencial del empresario Gustavo de Hoyos, quien hace unos d\u00edas destap\u00f3 su deseo por contender como candidato en las elecciones de 2024.<\/p>\n\n\n\n<p>Durante su conferencia ma\u00f1anera, el mandatario arremeti\u00f3 contra De Hoyos \u2014quien fue presidente de la Confederaci\u00f3n Patronal de la Rep\u00fablica Mexicana (Coparmex)\u2014 al asegurar que desprecia al pueblo y a los pobres, adem\u00e1s de ser otro candidato del bloque conservador:<\/p>\n\n\n\n<p>&#8220;Hace unos d\u00edas se destap\u00f3 otro de los candidatos del bloque conservador, uno de Coparmex, Gustavo de Hoyos, que tiene esas caracter\u00edsticas, ese desprecia al pueblo, a los pobres&#8221;, declar\u00f3.<\/p>\n\n\n\n<p>El mandatario federal acus\u00f3 que el empresario lo denunci\u00f3 ante el Rey Felipe VI de Espa\u00f1a en 2020 por las pol\u00edticas implementadas por su gobierno, a lo que respondi\u00f3 &#8220;\u00a1Uy, qu\u00e9 miedo! \u00a1Miren c\u00f3mo estoy temblando!&#8221;.<br>n su conferencia realizada en las instalaciones del 37 Batallo\u0301n de Infanteri\u0301a en Villahermosa, Tabasco, L\u00f3pez Obrador arremeti\u00f3 que Gustavo de Hoyos tiene un pensamiento mon\u00e1rquico y no republicano.<\/p>\n\n\n\n<p>A su vez, el mandatario indic\u00f3 que en breve har\u00e1n una lista de los aspirantes de la oposici\u00f3n que buscan ser candidatos a la presidencia en 2024, ya que recientemente se sum\u00f3 la gobernadora de Chihuahua, Maru Campos.<\/p>\n\n\n\n<p><\/p>\n","protected":false},"excerpt":{"rendered":"<p>Viernes , 17 de marzo de 2023 El mandatario dijo que el empresario es &#8220;otro&#8230;<\/p>\n","protected":false},"author":3,"featured_media":57941,"comment_status":"closed","ping_status":"closed","sticky":false,"template":"","format":"standard","meta":{"footnotes":""},"categories":[17],"tags":[],"class_list":["post-57940","post","type-post","status-publish","format-standard","has-post-thumbnail","hentry","category-nacional"],"_links":{"self":[{"href":"https:\/\/bambapolitica.com.mx\/index.php\/wp-json\/wp\/v2\/posts\/57940","targetHints":{"allow":["GET"]}}],"collection":[{"href":"https:\/\/bambapolitica.com.mx\/index.php\/wp-json\/wp\/v2\/posts"}],"about":[{"href":"https:\/\/bambapolitica.com.mx\/index.php\/wp-json\/wp\/v2\/types\/post"}],"author":[{"embeddable":true,"href":"https:\/\/bambapolitica.com.mx\/index.php\/wp-json\/wp\/v2\/users\/3"}],"replies":[{"embeddable":true,"href":"https:\/\/bambapolitica.com.mx\/index.php\/wp-json\/wp\/v2\/comments?post=57940"}],"version-history":[{"count":2,"href":"https:\/\/bambapolitica.com.mx\/index.php\/wp-json\/wp\/v2\/posts\/57940\/revisions"}],"predecessor-version":[{"id":57949,"href":"https:\/\/bambapolitica.com.mx\/index.php\/wp-json\/wp\/v2\/posts\/57940\/revisions\/57949"}],"wp:featuredmedia":[{"embeddable":true,"href":"https:\/\/bambapolitica.com.mx\/index.php\/wp-json\/wp\/v2\/media\/57941"}],"wp:attachment":[{"href":"https:\/\/bambapolitica.com.mx\/index.php\/wp-json\/wp\/v2\/media?parent=57940"}],"wp:term":[{"taxonomy":"category","embeddable":true,"href":"https:\/\/bambapolitica.com.mx\/index.php\/wp-json\/wp\/v2\/categories?post=57940"},{"taxonomy":"post_tag","embeddable":true,"href":"https:\/\/bambapolitica.com.mx\/index.php\/wp-json\/wp\/v2\/tags?post=57940"}],"curies":[{"name":"wp","href":"https:\/\/api.w.org\/{rel}","templated":true}]}}