{"id":57943,"date":"2023-03-17T11:59:34","date_gmt":"2023-03-17T17:59:34","guid":{"rendered":"http:\/\/bambapolitica.com.mx\/?p=57943"},"modified":"2023-03-17T11:59:40","modified_gmt":"2023-03-17T17:59:40","slug":"persecucion-del-edomex-a-la-cdmx-deja-3-policias-muertos-hay-7-detenidos","status":"publish","type":"post","link":"https:\/\/bambapolitica.com.mx\/index.php\/2023\/03\/17\/persecucion-del-edomex-a-la-cdmx-deja-3-policias-muertos-hay-7-detenidos\/","title":{"rendered":"Persecuci\u00f3n del Edomex a la CDMX deja 3 polic\u00edas muertos; hay 7 detenidos"},"content":{"rendered":"\n<p>Viernes , 17 de marzo de 2023<\/p>\n\n\n\n<p>na persecuci\u00f3n y enfrentamiento que inici\u00f3 en Toluca pero termin\u00f3 en la Ciudad de M\u00e9xico dej\u00f3 tres polic\u00edas muertos y siete detenidos<br>Un enfrentamiento en el Estado de M\u00e9xico, y posterior persecuci\u00f3n que termin\u00f3 en la Ciudad de M\u00e9xico, dej\u00f3 un saldo de tres polic\u00edas muertos y siete personas detenidas.<\/p>\n\n\n\n<p>Polic\u00edas municipales se enfrentaron en Toluca a sujetos armados que viajaban a bordo de una camioneta blanca.<br>os agresores emprendieron la huida hacia la Ciudad de M\u00e9xico, donde en la alcald\u00eda \u00c1lvaro Obreg\u00f3n fueron interceptados por agentes de la Secretar\u00eda de Seguridad Ciudadana (SSC).<\/p>\n\n\n\n<p>Ello provoc\u00f3 un segundo enfrentamiento en el que los civiles armados fueron detenidos, algunos de ellos heridos.<\/p>\n\n\n\n<p>Omar Garc\u00eda Harfuch, titular de la SSC capitalina, inform\u00f3 la detenci\u00f3n de siete personas y la muerte de un polic\u00eda capitalino y de dos oficiales mexiquenses, producto de la movilizaci\u00f3n.<\/p>\n","protected":false},"excerpt":{"rendered":"<p>Viernes , 17 de marzo de 2023 na persecuci\u00f3n y enfrentamiento que inici\u00f3 en Toluca&#8230;<\/p>\n","protected":false},"author":3,"featured_media":57944,"comment_status":"closed","ping_status":"closed","sticky":false,"template":"","format":"standard","meta":{"footnotes":""},"categories":[17,2],"tags":[],"class_list":["post-57943","post","type-post","status-publish","format-standard","has-post-thumbnail","hentry","category-nacional","category-policiaca"],"_links":{"self":[{"href":"https:\/\/bambapolitica.com.mx\/index.php\/wp-json\/wp\/v2\/posts\/57943","targetHints":{"allow":["GET"]}}],"collection":[{"href":"https:\/\/bambapolitica.com.mx\/index.php\/wp-json\/wp\/v2\/posts"}],"about":[{"href":"https:\/\/bambapolitica.com.mx\/index.php\/wp-json\/wp\/v2\/types\/post"}],"author":[{"embeddable":true,"href":"https:\/\/bambapolitica.com.mx\/index.php\/wp-json\/wp\/v2\/users\/3"}],"replies":[{"embeddable":true,"href":"https:\/\/bambapolitica.com.mx\/index.php\/wp-json\/wp\/v2\/comments?post=57943"}],"version-history":[{"count":1,"href":"https:\/\/bambapolitica.com.mx\/index.php\/wp-json\/wp\/v2\/posts\/57943\/revisions"}],"predecessor-version":[{"id":57945,"href":"https:\/\/bambapolitica.com.mx\/index.php\/wp-json\/wp\/v2\/posts\/57943\/revisions\/57945"}],"wp:featuredmedia":[{"embeddable":true,"href":"https:\/\/bambapolitica.com.mx\/index.php\/wp-json\/wp\/v2\/media\/57944"}],"wp:attachment":[{"href":"https:\/\/bambapolitica.com.mx\/index.php\/wp-json\/wp\/v2\/media?parent=57943"}],"wp:term":[{"taxonomy":"category","embeddable":true,"href":"https:\/\/bambapolitica.com.mx\/index.php\/wp-json\/wp\/v2\/categories?post=57943"},{"taxonomy":"post_tag","embeddable":true,"href":"https:\/\/bambapolitica.com.mx\/index.php\/wp-json\/wp\/v2\/tags?post=57943"}],"curies":[{"name":"wp","href":"https:\/\/api.w.org\/{rel}","templated":true}]}}