{"id":57962,"date":"2023-03-17T12:28:19","date_gmt":"2023-03-17T18:28:19","guid":{"rendered":"http:\/\/bambapolitica.com.mx\/?p=57962"},"modified":"2023-03-17T12:28:23","modified_gmt":"2023-03-17T18:28:23","slug":"erdogan-anuncia-via-libre-para-el-ingreso-de-finlandia-en-la-otan","status":"publish","type":"post","link":"https:\/\/bambapolitica.com.mx\/index.php\/2023\/03\/17\/erdogan-anuncia-via-libre-para-el-ingreso-de-finlandia-en-la-otan\/","title":{"rendered":"Erdogan anuncia v\u00eda libre para el ingreso de Finlandia en la OTAN"},"content":{"rendered":"\n<p>Viernes,17 de marzo de 2023<\/p>\n\n\n\n<p>El presidente Erdogan anunci\u00f3 el inicio del proceso de ratificaci\u00f3n en el parlamento de Turqu\u00eda para el ingreso de Finlandia a la OTAN<br>El presidente de Turqu\u00eda, Recep Tayyip Erdogan, anunci\u00f3 que da luz verde al ingreso de Finlandia en la OTAN, mientras que las negociaciones de adhesi\u00f3n con Suecia continuar\u00e1n.<\/p>\n\n\n\n<p>El mandatario turco hizo estas declaraciones en una rueda de prensa en Ankara junto con su hom\u00f3logo finland\u00e9s, Sauli Niinist\u00f6.<br>\u201cEmpezaremos el proceso de trasladar al Parlamento el protocolo del acceso de Finlandia a la OTAN\u201d, dijo Erdogan, agregando que espera que el proceso pueda completarse antes de las elecciones parlamentarias y presidenciales fijadas para el pr\u00f3ximo 14 de mayo.<\/p>\n\n\n\n<p>\u201cHe firmado el protocolo y lo enviamos al Parlamento. Espero que el proceso se complete antes de las elecciones\u201d, dijo el mandatario.<\/p>\n\n\n\n<p>La coalici\u00f3n del partido de Erdogan, el islamista AKP, con el nacionalista MHP tiene mayor\u00eda en el Parlamento y, adem\u00e1s, la oposici\u00f3n tampoco se ha opuesto al ingreso de Finlandia en la Alianza Atl\u00e1ntica, por lo que el paso por el hemiciclo ser\u00e1 un tr\u00e1mite f\u00e1cil.<\/p>\n\n\n\n<p>\u201cTurqu\u00eda es uno de los mayores defensores de la pol\u00edtica de puerta abierta de la OTAN. Hemos visto que Finlandia ha dado pasos sinceros para cumplir con las promesas recogidas en el memor\u00e1ndum tripartido de Madrid (firmado en julio pasado)\u201d, dijo Erdogan.<\/p>\n\n\n\n<p>Agreg\u00f3 que Ankara ha visto la necesidad de separar el proceso de Suecia del finland\u00e9s, al no atender Estocolmo a las exigencias turcas de extraditar a personas que Turqu\u00eda considera vinculadas a organizaciones terroristas, especialmente del \u00e1mbito kurdo.<\/p>\n\n\n\n<p>\u201cNo estamos en contra de Suecia. Pero Suecia ha abierto los brazos a los terroristas, les ha abierto sus calles. Le dije al primer ministro de Suecia que nos env\u00ede a 120 terroristas. Como no nos los han dado, no podemos tener una postura positiva para ellos. En Finlandia, eso no pasa y, por eso, nuestra posici\u00f3n es positiva\u201d, dijo Erdogan.<\/p>\n\n\n\n<p>Niinist\u00f6 agradeci\u00f3 el gesto de su anfitri\u00f3n, pero record\u00f3 que Suecia tambi\u00e9n debe ingresar en la Alianza.<\/p>\n\n\n\n<p>\u201cCon las firmas puestas hoy, el Parlamento turco empieza el proceso de ratificaci\u00f3n. Muchas gracias. Tenemos un vecino que es Suecia y el ingreso de Finlandia en la OTAN no podr\u00e1 ser completo sin Suecia\u201d, dijo el presidente finland\u00e9s.<\/p>\n","protected":false},"excerpt":{"rendered":"<p>Viernes,17 de marzo de 2023 El presidente Erdogan anunci\u00f3 el inicio del proceso de ratificaci\u00f3n&#8230;<\/p>\n","protected":false},"author":3,"featured_media":57963,"comment_status":"closed","ping_status":"closed","sticky":false,"template":"","format":"standard","meta":{"footnotes":""},"categories":[5],"tags":[],"class_list":["post-57962","post","type-post","status-publish","format-standard","has-post-thumbnail","hentry","category-internacional"],"_links":{"self":[{"href":"https:\/\/bambapolitica.com.mx\/index.php\/wp-json\/wp\/v2\/posts\/57962","targetHints":{"allow":["GET"]}}],"collection":[{"href":"https:\/\/bambapolitica.com.mx\/index.php\/wp-json\/wp\/v2\/posts"}],"about":[{"href":"https:\/\/bambapolitica.com.mx\/index.php\/wp-json\/wp\/v2\/types\/post"}],"author":[{"embeddable":true,"href":"https:\/\/bambapolitica.com.mx\/index.php\/wp-json\/wp\/v2\/users\/3"}],"replies":[{"embeddable":true,"href":"https:\/\/bambapolitica.com.mx\/index.php\/wp-json\/wp\/v2\/comments?post=57962"}],"version-history":[{"count":1,"href":"https:\/\/bambapolitica.com.mx\/index.php\/wp-json\/wp\/v2\/posts\/57962\/revisions"}],"predecessor-version":[{"id":57964,"href":"https:\/\/bambapolitica.com.mx\/index.php\/wp-json\/wp\/v2\/posts\/57962\/revisions\/57964"}],"wp:featuredmedia":[{"embeddable":true,"href":"https:\/\/bambapolitica.com.mx\/index.php\/wp-json\/wp\/v2\/media\/57963"}],"wp:attachment":[{"href":"https:\/\/bambapolitica.com.mx\/index.php\/wp-json\/wp\/v2\/media?parent=57962"}],"wp:term":[{"taxonomy":"category","embeddable":true,"href":"https:\/\/bambapolitica.com.mx\/index.php\/wp-json\/wp\/v2\/categories?post=57962"},{"taxonomy":"post_tag","embeddable":true,"href":"https:\/\/bambapolitica.com.mx\/index.php\/wp-json\/wp\/v2\/tags?post=57962"}],"curies":[{"name":"wp","href":"https:\/\/api.w.org\/{rel}","templated":true}]}}