{"id":57971,"date":"2023-03-17T12:42:50","date_gmt":"2023-03-17T18:42:50","guid":{"rendered":"http:\/\/bambapolitica.com.mx\/?p=57971"},"modified":"2023-03-17T12:42:53","modified_gmt":"2023-03-17T18:42:53","slug":"cuerpo-hallado-en-autopista-a-laredo-es-de-joven-de-16-anos-desaparecido-aei","status":"publish","type":"post","link":"https:\/\/bambapolitica.com.mx\/index.php\/2023\/03\/17\/cuerpo-hallado-en-autopista-a-laredo-es-de-joven-de-16-anos-desaparecido-aei\/","title":{"rendered":"Cuerpo hallado en autopista a Laredo es de joven de 16 a\u00f1os desaparecido: AEI"},"content":{"rendered":"\n<p>Viernes,17 de marzo de 2023<\/p>\n\n\n\n<p>El pasado viernes 24 de febrero, encontraron envuelto en una colcha el cuerpo de una persona; fue identificado como Adolfo Ir\u00e1n Mayo D\u00edaz, de 16 a\u00f1os de edad.<br>La Agencia Estatal de Investigaciones confirm\u00f3 que la persona hallada asesinada la semana pasada en la autopista a Laredo, en Ci\u00e9nega de Flores, era un adolescente que estaba desaparecido.<\/p>\n\n\n\n<p>Se trata de Adolfo Ir\u00e1n Mayo D\u00edaz, de 16 a\u00f1os de edad y quien habitaba en la colonia Real de Palmas, en General Zuazua<br>El cuerpo del menor fue localizado bajo un puente vehicular a la altura del kil\u00f3metro 27 de la carretera de cuota, cerca de una zona industrial.<\/p>\n\n\n\n<p>Despu\u00e9s de envolverlo en una colcha, los homicidas intentaron colgar el cad\u00e1ver en lo alto del puente, pero la cuerda no resisti\u00f3 y cay\u00f3 de casi 10 metros.<\/p>\n","protected":false},"excerpt":{"rendered":"<p>Viernes,17 de marzo de 2023 El pasado viernes 24 de febrero, encontraron envuelto en una&#8230;<\/p>\n","protected":false},"author":3,"featured_media":57972,"comment_status":"closed","ping_status":"closed","sticky":false,"template":"","format":"standard","meta":{"footnotes":""},"categories":[2],"tags":[],"class_list":["post-57971","post","type-post","status-publish","format-standard","has-post-thumbnail","hentry","category-policiaca"],"_links":{"self":[{"href":"https:\/\/bambapolitica.com.mx\/index.php\/wp-json\/wp\/v2\/posts\/57971","targetHints":{"allow":["GET"]}}],"collection":[{"href":"https:\/\/bambapolitica.com.mx\/index.php\/wp-json\/wp\/v2\/posts"}],"about":[{"href":"https:\/\/bambapolitica.com.mx\/index.php\/wp-json\/wp\/v2\/types\/post"}],"author":[{"embeddable":true,"href":"https:\/\/bambapolitica.com.mx\/index.php\/wp-json\/wp\/v2\/users\/3"}],"replies":[{"embeddable":true,"href":"https:\/\/bambapolitica.com.mx\/index.php\/wp-json\/wp\/v2\/comments?post=57971"}],"version-history":[{"count":1,"href":"https:\/\/bambapolitica.com.mx\/index.php\/wp-json\/wp\/v2\/posts\/57971\/revisions"}],"predecessor-version":[{"id":57973,"href":"https:\/\/bambapolitica.com.mx\/index.php\/wp-json\/wp\/v2\/posts\/57971\/revisions\/57973"}],"wp:featuredmedia":[{"embeddable":true,"href":"https:\/\/bambapolitica.com.mx\/index.php\/wp-json\/wp\/v2\/media\/57972"}],"wp:attachment":[{"href":"https:\/\/bambapolitica.com.mx\/index.php\/wp-json\/wp\/v2\/media?parent=57971"}],"wp:term":[{"taxonomy":"category","embeddable":true,"href":"https:\/\/bambapolitica.com.mx\/index.php\/wp-json\/wp\/v2\/categories?post=57971"},{"taxonomy":"post_tag","embeddable":true,"href":"https:\/\/bambapolitica.com.mx\/index.php\/wp-json\/wp\/v2\/tags?post=57971"}],"curies":[{"name":"wp","href":"https:\/\/api.w.org\/{rel}","templated":true}]}}